{"id":429312,"date":"2023-04-04T12:35:52","date_gmt":"2023-04-04T16:35:52","guid":{"rendered":"http:\/\/diariodominicano.com\/?p=429312"},"modified":"2023-04-04T12:35:52","modified_gmt":"2023-04-04T16:35:52","slug":"pn-santiago-lanza-operativo-simultaneo-conciencia-por-la-vida-semana-santa-2023","status":"publish","type":"post","link":"https:\/\/diariodominicano.com\/?p=429312","title":{"rendered":"PN Santiago lanza operativo simult\u00e1neo \u201cConciencia por la Vida Semana Santa 2023&#8243;"},"content":{"rendered":"\n<p>diariodominicano.com<\/p>\n\n\n\n<p><strong>Santiago, 04 de Abril del 2023<\/strong>.- Con la participaci\u00f3n de autoridades civiles y militares, la Direcci\u00f3n Regional Cibao Central de la Polic\u00eda Nacional, lanz\u00f3 el operativo \u201cConciencia por la Vida Semana Santa 2023\u201d.<\/p>\n\n\n\n<p>La bendici\u00f3n del acto estuvo a cargo del Reverendo Teniente Coronel Eduardo Antonio N\u00fa\u00f1ez Collado, quien hizo un llamado a los ciudadanos a meditar y mantener la prudencia en los d\u00edas de asueto.<\/p>\n\n\n\n<div class=\"wp-block-image\"><figure class=\"alignleft size-large is-resized\"><img decoding=\"async\" src=\"https:\/\/diariodominicano.com\/wp-content\/uploads\/2023\/04\/PN-operativo-SemanaSanta-1024x768.png\" alt=\"\" class=\"wp-image-429314\" width=\"-246\" height=\"-184\" srcset=\"https:\/\/diariodominicano.com\/wp-content\/uploads\/2023\/04\/PN-operativo-SemanaSanta-1024x768.png 1024w, https:\/\/diariodominicano.com\/wp-content\/uploads\/2023\/04\/PN-operativo-SemanaSanta-300x225.png 300w, https:\/\/diariodominicano.com\/wp-content\/uploads\/2023\/04\/PN-operativo-SemanaSanta-768x576.png 768w, https:\/\/diariodominicano.com\/wp-content\/uploads\/2023\/04\/PN-operativo-SemanaSanta-816x612.png 816w, https:\/\/diariodominicano.com\/wp-content\/uploads\/2023\/04\/PN-operativo-SemanaSanta.png 1280w\" sizes=\"(max-width: 1024px) 100vw, 1024px\" \/><\/figure><\/div>\n\n\n\n<p>Las palabras centrales del acto estuvieron a cargo del Director Regional Cibao Central de la Polic\u00eda Nacional, general Ram\u00f3n Samuel Azcona Reyes, quien anunci\u00f3 el reforzamiento policial en el \u00e1rea bajo su responsabilidad para prevenir hechos y resguardar el sosiego de&nbsp;&nbsp;la familia en esta Semana Santa.<\/p>\n\n\n\n<p>Adem\u00e1s estuvieron presentes en este acto, la Gobernadora provincial de Santiago, Licenciada Rosa Santos,&nbsp;&nbsp;Stammy Col\u00f3n, Directora Regional del Ministerio de Interior y Polic\u00eda, Osvaldo Bonilla, procurador fiscal de Santiago, Miguelina Rodr\u00edguez, procuradora de Medio Ambiente, Andr\u00e9s Burgos, Director de Corasaan y el coronel Alexis Moscat, comandante del Cuerpo de Bomberos.<\/p>\n\n\n\n<p>Entre tanto nuestro Director Regional,&nbsp;&nbsp;General&nbsp;&nbsp;Azcona Reyes, llamo a la reflexi\u00f3n a los santiagueros, ya que esta es una fecha de recogimiento y a la vez salud\u00f3 el reforzamiento policial, militar y los organismos de socorro diseminados en los diferentes sectores, para evitar hechos delictivos y de otras \u00edndoles.<\/p>\n\n\n\n<p>De su lado, Francisco Arias, director de la Defensa Civil, anunci\u00f3 que el personal bajo su mando estar\u00e1 disponible en autopistas, carreteras, balnearios y otros lugares de diversi\u00f3n para prevenir eventualidades que se presenten.<\/p>\n\n\n\n<p>Tambi\u00e9n estuvieron presentes en el acto el coronel Wanell Rivas, sub-comandante de la Segunda Brigada de Infanter\u00eda del Ej\u00e9rcito de la Rep\u00fablica Dominicana, el coronel Jos\u00e9 Francisco Mercedes De La Cruz, sub director de la Direcci\u00f3n Regional de la Polic\u00eda Nacional en el Cibao Central, Tte. Coronel Eddy P\u00e9rez Cede\u00f1o, Director Regional 911 y el coronel Juan Bautista Jim\u00e9nez Reynoso, director de la Direcci\u00f3n General de la Seguridad de Tr\u00e1nsito y Transporte Terrestre (DIGESETT),&nbsp;&nbsp;el&nbsp;&nbsp;sub&nbsp;&nbsp;&nbsp;Director regional de POLITUR teniente coronel Cesar&nbsp;&nbsp;Pe\u00f1a Zapata&nbsp;&nbsp;y el coronel Feliz Peralta Castillo, sub director regional del DICRIM, entre otros.<\/p>\n\n\n\n<p>Fuente:  <strong>OFICINA DE INFORMACI\u00d3N Y COMUNICACIONES ESTRAT\u00c9GICAS DIRECCI\u00d3N REGIONAL CIBAO CENTRAL DE LA POLIC\u00cdA NACIONAL.<\/strong><\/p>\n","protected":false},"excerpt":{"rendered":"<p>diariodominicano.com Santiago, 04 de Abril del 2023.- Con la participaci\u00f3n de autoridades civiles y militares, la Direcci\u00f3n Regional Cibao Central de la Polic\u00eda Nacional, lanz\u00f3 el operativo \u201cConciencia por la Vida Semana Santa 2023\u201d. La bendici\u00f3n del acto estuvo a cargo del Reverendo Teniente Coronel Eduardo Antonio N\u00fa\u00f1ez Collado, quien hizo un llamado a los [&hellip;]<\/p>\n","protected":false},"author":5,"featured_media":429313,"comment_status":"closed","ping_status":"","sticky":true,"template":"","format":"standard","meta":{"footnotes":""},"categories":[29,27],"tags":[],"class_list":["post-429312","post","type-post","status-publish","format-standard","has-post-thumbnail","hentry","category-policiasucesos","category-portada"],"_links":{"self":[{"href":"https:\/\/diariodominicano.com\/index.php?rest_route=\/wp\/v2\/posts\/429312","targetHints":{"allow":["GET"]}}],"collection":[{"href":"https:\/\/diariodominicano.com\/index.php?rest_route=\/wp\/v2\/posts"}],"about":[{"href":"https:\/\/diariodominicano.com\/index.php?rest_route=\/wp\/v2\/types\/post"}],"author":[{"embeddable":true,"href":"https:\/\/diariodominicano.com\/index.php?rest_route=\/wp\/v2\/users\/5"}],"replies":[{"embeddable":true,"href":"https:\/\/diariodominicano.com\/index.php?rest_route=%2Fwp%2Fv2%2Fcomments&post=429312"}],"version-history":[{"count":1,"href":"https:\/\/diariodominicano.com\/index.php?rest_route=\/wp\/v2\/posts\/429312\/revisions"}],"predecessor-version":[{"id":429315,"href":"https:\/\/diariodominicano.com\/index.php?rest_route=\/wp\/v2\/posts\/429312\/revisions\/429315"}],"wp:featuredmedia":[{"embeddable":true,"href":"https:\/\/diariodominicano.com\/index.php?rest_route=\/wp\/v2\/media\/429313"}],"wp:attachment":[{"href":"https:\/\/diariodominicano.com\/index.php?rest_route=%2Fwp%2Fv2%2Fmedia&parent=429312"}],"wp:term":[{"taxonomy":"category","embeddable":true,"href":"https:\/\/diariodominicano.com\/index.php?rest_route=%2Fwp%2Fv2%2Fcategories&post=429312"},{"taxonomy":"post_tag","embeddable":true,"href":"https:\/\/diariodominicano.com\/index.php?rest_route=%2Fwp%2Fv2%2Ftags&post=429312"}],"curies":[{"name":"wp","href":"https:\/\/api.w.org\/{rel}","templated":true}]}}