{"id":42892,"date":"2019-08-12T00:43:54","date_gmt":"2019-08-12T00:43:54","guid":{"rendered":"http:\/\/diariodominicano.ddns.net\/?p=42892"},"modified":"2019-08-12T00:43:54","modified_gmt":"2019-08-12T00:43:54","slug":"a-pleno-solel-circo-politico","status":"publish","type":"post","link":"https:\/\/diariodominicano.com\/?p=42892","title":{"rendered":"A Pleno Sol&#13;&#13;El circo pol\u00edtico"},"content":{"rendered":"<p><body><\/p>\n<p><strong>Por Manuel Hern\u00e1ndez Villeta<\/strong><\/p>\n<\/p>\n<\/p>\n<p>Tendr\u00e1n que surgir fantas\u00edas entre los candidatos presidenciales, para hacer frente a las principales demandas de la sociedad dominicana. Nadie tiene en su cartilla encontrar soluci\u00f3n a la inseguridad ciudadana, crear una pol\u00edtica de pleno empleo y  hacer frente a la marginalidad y la exclusi\u00f3n.<\/p>\n<\/p>\n<p>Por tanto,  es al votante que le toca determinar si alguien le ofrece  algo m\u00e1s que ch\u00e1chara pol\u00edtica, y tiene las buenas intenciones para ir a mejorar las condiciones colectivas de vida en el pa\u00eds. Me preocupa sobre todo a los sectores marginales, los que son golpeados con el clientelismo.<\/p>\n<\/p>\n<p> Ya es sabida la vieja frase de los pol\u00edticos de todos los tiempos, en el sentido de que las elecciones se ganan el d\u00eda de las votaciones, cargando a las espaldas bolsas llenas de. Ese clientelismo no se evitar\u00e1 el a\u00f1o venidero. La acci\u00f3n es posible porque hay necesitados que  se dejan seducir por un par de papeletas.<\/p>\n<\/p>\n<p>La palabra final del sistema electoral la  decidir\u00e1n los que el d\u00eda de las votaciones tengan conciencia  de que no pueden vender su conciencia y su coraz\u00f3n. El hombre de las calles es importante por un d\u00eda, porque puede llevar a cargos a los aspirantes a regidores, alcaldes, diputados y senadores.<\/p>\n<\/p>\n<p>Pero viene tambi\u00e9n el d\u00eda grande,  cuando al hombre que se va a escoger para la presidencia de la Rep\u00fablica  tendr\u00e1 que salir a buscar los votos. Los de abajo son la mayor\u00eda, y a ellos se tendr\u00e1n que ir en forma obligatoria. Es la primera y la \u00fanica etapa en que dentro de la democracia representativa, se toma en cuenta a las minor\u00edas.<\/p>\n<\/p>\n<p>Son olvidadas horas despu\u00e9s, cuando se dan a conocer los resultados de las votaciones. Ya cumplieron con su misi\u00f3n y pasan a ser objetos desechos. Por desorganizaci\u00f3n y falta de poder a lo personal y a lo colectivo, las masas silentes luego no son agentes de presi\u00f3n y de fuerzas.<\/p>\n<\/p>\n<p>La Junta Central Electoral tiene una clara obligaci\u00f3n y deber que es de organizar unas elecciones libres y democr\u00e1ticas. Hasta el momento la JCE lleva a cabo la preparaci\u00f3n del andamiaje electoral, pero va con lentitud, y luce  zarandeada por las olas.<\/p>\n<\/p>\n<p>Las primarias y la lucha interna de los partidos pol\u00edticos podr\u00eda llevar a un total fracaso a la JCE. Hay demasiados problemas relacionados con las discordias de los grupos pol\u00edticos y las rebati\u00f1as por cargos.  Que cada cual organice su pi\u00f1ata y que la JCE trate de no inmiscuirse en esos problemas.<\/p>\n<\/p>\n<p>Si el organismo de elecciones no       logra elevar sus niveles de credibilidad entre los  dominicanos, no podr\u00e1 realizar el papel trascendental de primero organizar las elecciones  de nivel medio. Si fracasa en los comicios para regidores, alcaldes, diputados y  senadores, no tendr\u00e1 fuerzas para las presidenciales. Hora de pasar revista al panorama electoral, para que no se vendan ilusiones que terminen en llanto. \u00a1Ay!, se me acab\u00f3 la tinta.<\/p>\n<\/p>\n<\/p>\n<h6> 2019-08-12 00:43:54 <\/h6>\n<p><!--\n<link rel=\"stylesheet\" href=\"css\/bootstrap.min.css\">\n\n\n<ul class=\"pagination\">\n\t    \n\t\n\n<li >\n\t<a href='?page_no=585'>Previous<\/a>\n\t<\/li>\n\n\n       \n    \n\n<li><a href='?page_no=1'>1<\/a><\/li>\n\n\n\n<li><a href='?page_no=2'>2<\/a><\/li>\n\n\n\n<li><a>...<\/a><\/li>\n\n\n\n<li><a href='?page_no=584'>584<\/a><\/li>\n\n\n\n<li><a href='?page_no=585'>585<\/a><\/li>\n\n\n\n<li class='active'><a>586<\/a><\/li>\n\n\n\n<li><a href='?page_no=587'>587<\/a><\/li>\n\n\n\n<li><a href='?page_no=588'>588<\/a><\/li>\n\n\n\n<li><a>...<\/a><\/li>\n\n\n\n<li><a href='?page_no=13611'>13611<\/a><\/li>\n\n\n\n<li><a href='?page_no=13612'>13612<\/a><\/li>\n\n    \n\t\n\n<li >\n\t<a href='?page_no=587'>Next<\/a>\n\t<\/li>\n\n\n    \n\n<li><a href='?page_no=13612'>Last &rsaquo;&rsaquo;<\/a><\/li>\n\n<\/ul>\n\n\n--><br \/>\n<\/body><\/p>\n","protected":false},"excerpt":{"rendered":"<p>Por Manuel Hern\u00e1ndez Villeta Tendr\u00e1n que surgir fantas\u00edas entre los candidatos presidenciales, para hacer frente a las principales demandas de la sociedad dominicana. Nadie tiene en su cartilla encontrar soluci\u00f3n a la inseguridad ciudadana, crear una pol\u00edtica de pleno empleo y hacer frente a la marginalidad y la exclusi\u00f3n. Por tanto, es al votante que [&hellip;]<\/p>\n","protected":false},"author":3,"featured_media":0,"comment_status":"open","ping_status":"open","sticky":false,"template":"","format":"standard","meta":{"footnotes":""},"categories":[16],"tags":[],"class_list":["post-42892","post","type-post","status-publish","format-standard","hentry","category-opiniones"],"_links":{"self":[{"href":"https:\/\/diariodominicano.com\/index.php?rest_route=\/wp\/v2\/posts\/42892","targetHints":{"allow":["GET"]}}],"collection":[{"href":"https:\/\/diariodominicano.com\/index.php?rest_route=\/wp\/v2\/posts"}],"about":[{"href":"https:\/\/diariodominicano.com\/index.php?rest_route=\/wp\/v2\/types\/post"}],"author":[{"embeddable":true,"href":"https:\/\/diariodominicano.com\/index.php?rest_route=\/wp\/v2\/users\/3"}],"replies":[{"embeddable":true,"href":"https:\/\/diariodominicano.com\/index.php?rest_route=%2Fwp%2Fv2%2Fcomments&post=42892"}],"version-history":[{"count":0,"href":"https:\/\/diariodominicano.com\/index.php?rest_route=\/wp\/v2\/posts\/42892\/revisions"}],"wp:attachment":[{"href":"https:\/\/diariodominicano.com\/index.php?rest_route=%2Fwp%2Fv2%2Fmedia&parent=42892"}],"wp:term":[{"taxonomy":"category","embeddable":true,"href":"https:\/\/diariodominicano.com\/index.php?rest_route=%2Fwp%2Fv2%2Fcategories&post=42892"},{"taxonomy":"post_tag","embeddable":true,"href":"https:\/\/diariodominicano.com\/index.php?rest_route=%2Fwp%2Fv2%2Ftags&post=42892"}],"curies":[{"name":"wp","href":"https:\/\/api.w.org\/{rel}","templated":true}]}}