{"id":42859,"date":"2019-08-12T01:42:58","date_gmt":"2019-08-12T01:42:58","guid":{"rendered":"http:\/\/diariodominicano.ddns.net\/?p=42859"},"modified":"2019-08-12T01:42:58","modified_gmt":"2019-08-12T01:42:58","slug":"leonel-es-unidad-y-causa-del-pld","status":"publish","type":"post","link":"https:\/\/diariodominicano.com\/?p=42859","title":{"rendered":"\u00a1LEONEL ES UNIDAD Y CAUSA DEL PLD!"},"content":{"rendered":"<p><body><\/p>\n<p><strong>FRANKLIN ALMEYDA RANCIER<\/strong><\/p>\n<\/p>\n<p>El 6 de octubre se celebrar\u00e1n, como una fiesta de la democracia, las primarias simult\u00e1neas de los dos partidos mayoritarios del pa\u00eds, el PLD y el PRM. El primero, partido oficial, va con padr\u00f3n electoral abierto y, el de oposici\u00f3n, con padr\u00f3n de sus militantes.<\/p>\n<\/p>\n<p>Por el PLD podr\u00e1 votar todo el que figura en el padr\u00f3n electoral universal, a\u00fan los que est\u00e9n en el padr\u00f3n del PRM; pero por \u00e9ste \u00faltimo partido s\u00f3lo podr\u00e1n votar los registrados en su padr\u00f3n, excepto que hayan votado antes por el PLD.<\/p>\n<\/p>\n<p>El evento comicial robar\u00e1 la atenci\u00f3n de la poblaci\u00f3n porque lo que resulte de \u00e9l decidir\u00e1 un n\u00famero muy alto de candidatos a  cargos de elecci\u00f3n popular y porque surgir\u00e1n dos candidatos presidenciales, entre los cuales estar\u00e1 el pr\u00f3ximo presidente.<\/p>\n<\/p>\n<p>Las encuestas y lo que se percibe desde ahora, es que el favorito del PLD lo es el Dr, Leonel Fern\u00e1ndez y, el del PRM, Luis Abinader. Como tambi\u00e9n se compite por las candidaturas congresuales y municipales, se definir\u00e1n los candidatos principales a esas posiciones.<\/p>\n<\/p>\n<p>Ya luego, en febrero, se elegir\u00e1n a las posiciones municipales y, en mayo, las del presidente, los senadores y los diputados. Sin dudas, lo que se seleccione como candidatos ahora en octubre, de entre esos, para febrero y mayo del 2020  se elegir\u00e1n a los cargos.<\/p>\n<\/p>\n<p>Comparto la opini\u00f3n de que ser\u00e1 una gran competencia, que concitar\u00e1 el inter\u00e9s para un vuelco masivo de votaci\u00f3n. Algunos analistas han hecho c\u00e1lculos de concurrencia a votar, tomando como referencia el promedio de participaci\u00f3n a primarias en pa\u00edses de America Latina; ese referente induce a error. En el pais habr\u00e1 una muy alta participaci\u00f3n equivalente al 70% que tradicionalmente lo ha hecho en los \u00faltimos 20 a\u00f1os.<\/p>\n<\/p>\n<p>La figura del Dr. Leonel Fern\u00e1ndez sobresale como el precandidato preferido para las primarias, desde el litoral del PLD, no solo por sus logros en sus tres periodos anteriores de gobierno, sino tambi\u00e9n, porque hubo de situarse como garante en la defensa y respeto a las normas democr\u00e1ticas consagradas en la Constituci\u00f3n y haber demostrado sustentar un liderazgo firme e indiscutido en el seno de su organizaci\u00f3n y en amplios sectores de la poblaci\u00f3n.<\/p>\n<\/p>\n<p>El resultado electoral en las primarias lo dejar\u00e1 firmemente posicionado para mostrarlo como el candidato \u00fanico e invencible en mayo del 2020. El candidato del PRM, a su vez, dar\u00e1 un resultado bueno, para seguir siendo un partido de oposici\u00f3n, no de gobierno.<\/p>\n<\/p>\n<p>La ruta seguida por el Dr. Leonel Fern\u00e1ndez, desde el 2012 hasta la fecha, es para ser bien estudiada por polit\u00f3logos y noveles dirigentes pol\u00edticos. Sale de su tercer per\u00edodo de gobierno, cuando supuso que se ir\u00eda alejando de la pol\u00edtica local e involucr\u00e1ndose en la internacional; pero hubo de detenerse y asumir la defensa de su prestigio pol\u00edtico, atacado con infame torpeza, hasta por algunos cercanos. Se supo defender, a veces, sin hablar; nunca de manera descuidada.<\/p>\n<\/p>\n<p>Retuvo su condici\u00f3n de dirigente principal del partido oficial, sin dejar de proteger la vigencia de las normas democr\u00e1ticas. Ahora es expresi\u00f3n de una causa  que \u00e9l mismo define para  \u00abrenovar la esperanza en un futuro de fortalecimiento democr\u00e1tico, lleno de progreso, prosperidad y bienestar\u00bb .<\/p>\n<\/p>\n<p>Ahora vale decir Leonel es unidad y encarna los prop\u00f3sitos del PLD.<\/p>\n<\/p>\n<p><strong>El autor es miembro del CP del PLD, ex Ministro de Interior y ex Rector de la UASD.<\/strong><\/p>\n<\/p>\n<h6> 2019-08-12 01:42:58 <\/h6>\n<p><!--\n<link rel=\"stylesheet\" href=\"css\/bootstrap.min.css\">\n\n\n<ul class=\"pagination\">\n\t    \n\t\n\n<li >\n\t<a href='?page_no=582'>Previous<\/a>\n\t<\/li>\n\n\n       \n    \n\n<li><a href='?page_no=1'>1<\/a><\/li>\n\n\n\n<li><a href='?page_no=2'>2<\/a><\/li>\n\n\n\n<li><a>...<\/a><\/li>\n\n\n\n<li><a href='?page_no=581'>581<\/a><\/li>\n\n\n\n<li><a href='?page_no=582'>582<\/a><\/li>\n\n\n\n<li class='active'><a>583<\/a><\/li>\n\n\n\n<li><a href='?page_no=584'>584<\/a><\/li>\n\n\n\n<li><a href='?page_no=585'>585<\/a><\/li>\n\n\n\n<li><a>...<\/a><\/li>\n\n\n\n<li><a href='?page_no=13611'>13611<\/a><\/li>\n\n\n\n<li><a href='?page_no=13612'>13612<\/a><\/li>\n\n    \n\t\n\n<li >\n\t<a href='?page_no=584'>Next<\/a>\n\t<\/li>\n\n\n    \n\n<li><a href='?page_no=13612'>Last &rsaquo;&rsaquo;<\/a><\/li>\n\n<\/ul>\n\n\n--><br \/>\n<\/body><\/p>\n","protected":false},"excerpt":{"rendered":"<p>FRANKLIN ALMEYDA RANCIER El 6 de octubre se celebrar\u00e1n, como una fiesta de la democracia, las primarias simult\u00e1neas de los dos partidos mayoritarios del pa\u00eds, el PLD y el PRM. El primero, partido oficial, va con padr\u00f3n electoral abierto y, el de oposici\u00f3n, con padr\u00f3n de sus militantes. Por el PLD podr\u00e1 votar todo el [&hellip;]<\/p>\n","protected":false},"author":3,"featured_media":0,"comment_status":"open","ping_status":"open","sticky":false,"template":"","format":"standard","meta":{"footnotes":""},"categories":[16],"tags":[],"class_list":["post-42859","post","type-post","status-publish","format-standard","hentry","category-opiniones"],"_links":{"self":[{"href":"https:\/\/diariodominicano.com\/index.php?rest_route=\/wp\/v2\/posts\/42859","targetHints":{"allow":["GET"]}}],"collection":[{"href":"https:\/\/diariodominicano.com\/index.php?rest_route=\/wp\/v2\/posts"}],"about":[{"href":"https:\/\/diariodominicano.com\/index.php?rest_route=\/wp\/v2\/types\/post"}],"author":[{"embeddable":true,"href":"https:\/\/diariodominicano.com\/index.php?rest_route=\/wp\/v2\/users\/3"}],"replies":[{"embeddable":true,"href":"https:\/\/diariodominicano.com\/index.php?rest_route=%2Fwp%2Fv2%2Fcomments&post=42859"}],"version-history":[{"count":0,"href":"https:\/\/diariodominicano.com\/index.php?rest_route=\/wp\/v2\/posts\/42859\/revisions"}],"wp:attachment":[{"href":"https:\/\/diariodominicano.com\/index.php?rest_route=%2Fwp%2Fv2%2Fmedia&parent=42859"}],"wp:term":[{"taxonomy":"category","embeddable":true,"href":"https:\/\/diariodominicano.com\/index.php?rest_route=%2Fwp%2Fv2%2Fcategories&post=42859"},{"taxonomy":"post_tag","embeddable":true,"href":"https:\/\/diariodominicano.com\/index.php?rest_route=%2Fwp%2Fv2%2Ftags&post=42859"}],"curies":[{"name":"wp","href":"https:\/\/api.w.org\/{rel}","templated":true}]}}