{"id":428564,"date":"2023-03-31T15:08:35","date_gmt":"2023-03-31T19:08:35","guid":{"rendered":"http:\/\/diariodominicano.com\/?p=428564"},"modified":"2023-03-31T15:08:35","modified_gmt":"2023-03-31T19:08:35","slug":"pn-apresa-hombre-por-robo-en-una-iglesia-en-santiago","status":"publish","type":"post","link":"https:\/\/diariodominicano.com\/?p=428564","title":{"rendered":"PN apresa hombre por rob\u00f3 en una iglesia en Santiago"},"content":{"rendered":"\n<p>La Iglesia Santa Catalina <\/p>\n\n\n\n<p><strong>Santiago de los Caballeros, R.D., 31 de Marzo 2023.<\/strong>-Agentes\u00a0\u00a0de la Direcci\u00f3n Regional Cibao Central de la Polic\u00eda apresaron\u00a0\u00a0el jueves  a un hombre, imputado de haber cometido un robo en la iglesia Santa Catalina de Siena, ubicada en la calle Penetraci\u00f3n, de la urbanizaci\u00f3n El Portal de  ciudad Santiago.<\/p>\n\n\n\n<figure class=\"wp-block-image size-large\"><img loading=\"lazy\" decoding=\"async\" width=\"1024\" height=\"768\" src=\"https:\/\/diariodominicano.com\/wp-content\/uploads\/2023\/03\/image-33-1024x768.png\" alt=\"\" class=\"wp-image-428566\" srcset=\"https:\/\/diariodominicano.com\/wp-content\/uploads\/2023\/03\/image-33-1024x768.png 1024w, https:\/\/diariodominicano.com\/wp-content\/uploads\/2023\/03\/image-33-300x225.png 300w, https:\/\/diariodominicano.com\/wp-content\/uploads\/2023\/03\/image-33-768x576.png 768w, https:\/\/diariodominicano.com\/wp-content\/uploads\/2023\/03\/image-33-816x612.png 816w, https:\/\/diariodominicano.com\/wp-content\/uploads\/2023\/03\/image-33.png 1280w\" sizes=\"auto, (max-width: 1024px) 100vw, 1024px\" \/><\/figure>\n\n\n\n<p>El detenido es Jos\u00e9 Pinales Marte, alias \u201cEl Brujo\u201d, de 39 a\u00f1os de edad, a quien se le ocup\u00f3 un aire acondicionado y el compresor del mismo, momentos despu\u00e9s de haberlos sustra\u00eddo de dicha iglesia.<\/p>\n\n\n\n<p>\u201cEl Brujo\u201d, fue apresado por miembros de la Subdirecci\u00f3n Central de Investigaciones Criminales, tras ser sorprendido en flagrante delito, seg\u00fan indica el parte policial.<\/p>\n\n\n\n<p>El detenido en las pr\u00f3ximas horas ser\u00e1 puesto a disposici\u00f3n de la justicia para los fines de ley correspondiente<\/p>\n\n\n\n<p>SUBDIRECCION DE COMUNICACIONES<\/p>\n\n\n\n<p>ESTRATEGICAS DE LA POLICIA<\/p>\n\n\n\n<p>NACIONAL, DIRECCI\u00d3N REGIONAL CIBAO CENTRAL<\/p>\n","protected":false},"excerpt":{"rendered":"<p>La Iglesia Santa Catalina Santiago de los Caballeros, R.D., 31 de Marzo 2023.-Agentes\u00a0\u00a0de la Direcci\u00f3n Regional Cibao Central de la Polic\u00eda apresaron\u00a0\u00a0el jueves a un hombre, imputado de haber cometido un robo en la iglesia Santa Catalina de Siena, ubicada en la calle Penetraci\u00f3n, de la urbanizaci\u00f3n El Portal de ciudad Santiago. El detenido es [&hellip;]<\/p>\n","protected":false},"author":28,"featured_media":428565,"comment_status":"closed","ping_status":"","sticky":true,"template":"","format":"standard","meta":{"footnotes":""},"categories":[29,27],"tags":[],"class_list":["post-428564","post","type-post","status-publish","format-standard","has-post-thumbnail","hentry","category-policiasucesos","category-portada"],"_links":{"self":[{"href":"https:\/\/diariodominicano.com\/index.php?rest_route=\/wp\/v2\/posts\/428564","targetHints":{"allow":["GET"]}}],"collection":[{"href":"https:\/\/diariodominicano.com\/index.php?rest_route=\/wp\/v2\/posts"}],"about":[{"href":"https:\/\/diariodominicano.com\/index.php?rest_route=\/wp\/v2\/types\/post"}],"author":[{"embeddable":true,"href":"https:\/\/diariodominicano.com\/index.php?rest_route=\/wp\/v2\/users\/28"}],"replies":[{"embeddable":true,"href":"https:\/\/diariodominicano.com\/index.php?rest_route=%2Fwp%2Fv2%2Fcomments&post=428564"}],"version-history":[{"count":1,"href":"https:\/\/diariodominicano.com\/index.php?rest_route=\/wp\/v2\/posts\/428564\/revisions"}],"predecessor-version":[{"id":428567,"href":"https:\/\/diariodominicano.com\/index.php?rest_route=\/wp\/v2\/posts\/428564\/revisions\/428567"}],"wp:featuredmedia":[{"embeddable":true,"href":"https:\/\/diariodominicano.com\/index.php?rest_route=\/wp\/v2\/media\/428565"}],"wp:attachment":[{"href":"https:\/\/diariodominicano.com\/index.php?rest_route=%2Fwp%2Fv2%2Fmedia&parent=428564"}],"wp:term":[{"taxonomy":"category","embeddable":true,"href":"https:\/\/diariodominicano.com\/index.php?rest_route=%2Fwp%2Fv2%2Fcategories&post=428564"},{"taxonomy":"post_tag","embeddable":true,"href":"https:\/\/diariodominicano.com\/index.php?rest_route=%2Fwp%2Fv2%2Ftags&post=428564"}],"curies":[{"name":"wp","href":"https:\/\/api.w.org\/{rel}","templated":true}]}}