{"id":428561,"date":"2023-03-31T14:57:41","date_gmt":"2023-03-31T18:57:41","guid":{"rendered":"http:\/\/diariodominicano.com\/?p=428561"},"modified":"2023-03-31T14:59:41","modified_gmt":"2023-03-31T18:59:41","slug":"tercer-tribunal-colegiado-de-santiago-impone-doble-condena-de-30-anos-a-dos-hombres-que-mataron-a-un-ciudadano-haitiano","status":"publish","type":"post","link":"https:\/\/diariodominicano.com\/?p=428561","title":{"rendered":"Tercer Tribunal Colegiado de Santiago impone doble condena de 30 a\u00f1os a dos hombres que mataron a un ciudadano haitiano"},"content":{"rendered":"\n<p>SANTIAGO, Rep\u00fablica Dominicana.- Los jueces del Tercer Tribunal Colegiado de esta demarcaci\u00f3n sentenciaron a dos hombres a cumplir 30 a\u00f1os en prisi\u00f3n, tras hallarlos culpables de cometer homicidio y robo agravado en perjuicio de un ciudadano haitiano.&nbsp;<\/p>\n\n\n\n<p>Las pruebas, incluyendo periciales, documentales y materiales, validadas por el tribunal, fueron presentadas por la Fiscal\u00eda de Santiago, representada en la audiencia por el litigante Elvin Ventura.&nbsp;<\/p>\n\n\n\n<p>La condena pesa contra Eddy Nelson Silverio (Edinelson) y Richard Rafael Padilla Moya (Richita), quienes planificaron el asesinato de la v\u00edctima, Benedy Saint-Julie Vincent, a quien ubicaron, persiguieron e interceptaron cuando caminaba por la avenida Juan Pablo Duarte, esquina La Salle, en el sector La Trinitaria.&nbsp;<\/p>\n\n\n\n<p>El relato circunstancial de los hechos, expuesto en detalle ante el Colegiado, refiere que mientras iban a bordo de una motocicleta CG X1000, los condenados gritaron \u00abm\u00edralo ah\u00ed\u00bb, interceptando a la v\u00edctima y exigi\u00e9ndole que entregara sus pertenencias; sin hallar oposici\u00f3n en la v\u00edctima, le disparan con una pistola calibre 22 mil\u00edmetros, y mientras est\u00e1 tendido en el suelo lo despojan de dinero en efectivo, celular y otras pertenencias.&nbsp;<\/p>\n\n\n\n<p>La condena fue dictada por Jos\u00e9 Rafael D&#8217; As\u00eds, Yasm\u00edn de los Santos y Deyanira M\u00e9ndez, en cuya decisi\u00f3n acogen en todas sus partes la solicitud que hizo el Ministerio P\u00fablico.&nbsp;<\/p>\n\n\n\n<p>El conjunto de hechos sucedidos antes y tras el crimen constituyen una violaci\u00f3n a los art\u00edculos 265, 266, 295, 379, 382 y 304 del C\u00f3digo Penal Dominicano, sancionando el homicidio y robo agravado, en un crimen seguido de otro crimen.<\/p>\n\n\n\n<p><strong>Comunicaciones Prensa PGR<\/strong><\/p>\n\n\n\n<p><strong>Direcci\u00f3n General de Comunicaci\u00f3n, Prensa, y RRPP<\/strong><\/p>\n\n\n\n<p>Ministerio P\u00fablico.&nbsp;R.D.<\/p>\n\n\n\n<p>Viernes, 31 de marzo de 2023&#8230;.<\/p>\n","protected":false},"excerpt":{"rendered":"<p>SANTIAGO, Rep\u00fablica Dominicana.- Los jueces del Tercer Tribunal Colegiado de esta demarcaci\u00f3n sentenciaron a dos hombres a cumplir 30 a\u00f1os en prisi\u00f3n, tras hallarlos culpables de cometer homicidio y robo agravado en perjuicio de un ciudadano haitiano.&nbsp; Las pruebas, incluyendo periciales, documentales y materiales, validadas por el tribunal, fueron presentadas por la Fiscal\u00eda de Santiago, [&hellip;]<\/p>\n","protected":false},"author":28,"featured_media":427834,"comment_status":"closed","ping_status":"","sticky":true,"template":"","format":"standard","meta":{"footnotes":""},"categories":[24,29,27],"tags":[],"class_list":["post-428561","post","type-post","status-publish","format-standard","has-post-thumbnail","hentry","category-justicia-y-derecho","category-policiasucesos","category-portada"],"_links":{"self":[{"href":"https:\/\/diariodominicano.com\/index.php?rest_route=\/wp\/v2\/posts\/428561","targetHints":{"allow":["GET"]}}],"collection":[{"href":"https:\/\/diariodominicano.com\/index.php?rest_route=\/wp\/v2\/posts"}],"about":[{"href":"https:\/\/diariodominicano.com\/index.php?rest_route=\/wp\/v2\/types\/post"}],"author":[{"embeddable":true,"href":"https:\/\/diariodominicano.com\/index.php?rest_route=\/wp\/v2\/users\/28"}],"replies":[{"embeddable":true,"href":"https:\/\/diariodominicano.com\/index.php?rest_route=%2Fwp%2Fv2%2Fcomments&post=428561"}],"version-history":[{"count":2,"href":"https:\/\/diariodominicano.com\/index.php?rest_route=\/wp\/v2\/posts\/428561\/revisions"}],"predecessor-version":[{"id":428563,"href":"https:\/\/diariodominicano.com\/index.php?rest_route=\/wp\/v2\/posts\/428561\/revisions\/428563"}],"wp:featuredmedia":[{"embeddable":true,"href":"https:\/\/diariodominicano.com\/index.php?rest_route=\/wp\/v2\/media\/427834"}],"wp:attachment":[{"href":"https:\/\/diariodominicano.com\/index.php?rest_route=%2Fwp%2Fv2%2Fmedia&parent=428561"}],"wp:term":[{"taxonomy":"category","embeddable":true,"href":"https:\/\/diariodominicano.com\/index.php?rest_route=%2Fwp%2Fv2%2Fcategories&post=428561"},{"taxonomy":"post_tag","embeddable":true,"href":"https:\/\/diariodominicano.com\/index.php?rest_route=%2Fwp%2Fv2%2Ftags&post=428561"}],"curies":[{"name":"wp","href":"https:\/\/api.w.org\/{rel}","templated":true}]}}