{"id":42848,"date":"2019-08-13T14:44:05","date_gmt":"2019-08-13T14:44:05","guid":{"rendered":"http:\/\/diariodominicano.ddns.net\/?p=42848"},"modified":"2019-08-13T14:44:05","modified_gmt":"2019-08-13T14:44:05","slug":"a-pleno-sololas-embravecidas","status":"publish","type":"post","link":"https:\/\/diariodominicano.com\/?p=42848","title":{"rendered":"A Pleno Sol&#13;&#13;Olas embravecidas"},"content":{"rendered":"<p><body><\/p>\n<p><strong>Por Manuel Hern\u00e1ndez Villeta<\/strong><\/p>\n<\/p>\n<\/p>\n<p>El seis de octubre toca a las puertas. Es una fecha inexorable. Se va a llegar a la misma se quiera o no. Sera el momento del triunfo y las desilusiones. Habr\u00e1 que ver quienes tienen fuerzas para tratar de tomar tierra aparte.<\/p>\n<\/p>\n<p>Octubre tiene una raya en rojo. Si usted participa en las votaciones de las primarias, y no est\u00e1 de acuerdo con los resultados, no se podr\u00e1 inscribir en otro partido pol\u00edtico. Una acci\u00f3n que sin lugar a dudas  va a tensar las relaciones entre las tendencias de los principales partidos.<\/p>\n<\/p>\n<p>En el Partido de la Liberaci\u00f3n Dominicana se fum\u00f3 el cigarrillo de la paz. Es tan corta la tregua y al parecer tan fr\u00e1gil, que no llegan a ser volutas de una pipa de la paz. Lanzar once pre-candidatos presidenciales fue una medida para evitar dolores de cabeza en el frente danilista,  pero no pone fin a la fragmentaci\u00f3n. Al Partido Revolucionario Moderno lo analizar\u00e9 en la pr\u00f3xima entrega.<\/p>\n<\/p>\n<p>El expresidente Leonel Fern\u00e1ndez esta solo frente a diez pre-candidatos que de una u otra forman responden a la l\u00ednea del presidente Danilo Medina. Para los pre-candidatos, el pleito antes que con Leonel Fern\u00e1ndez ser\u00e1 para conseguir el respaldo de los votantes.<\/p>\n<\/p>\n<p>Leonel tiene un camino empedrado. Puede  ser objeto de zancadillas y acciones para mermar su popularidad. Eso es parte de la lucha pol\u00edtica. No se va a jugar en una tarde de rosas tomando te. Para Leonel solo hay un punto de inflexi\u00f3n y es ganar la convenci\u00f3n. Si en alg\u00fan momento decidiera irse, tendr\u00eda que ser antes del 6 de octubre. Esta con la tea en la mano, pero no sabe si quemar las naves.<\/p>\n<\/p>\n<p>La pre-candidatura que no se dio fue la de Margarita Cede\u00f1o. Se qued\u00f3 en el tintero. Su tiempo puede pasar ahora. En cuatro a\u00f1os  surgir\u00e1n nuevas caras en el PLD. Esas caras nuevas no las hay ahora, pero en cuatro a\u00f1os todo tendr\u00e1 que ser nuevo.<\/p>\n<\/p>\n<p>Parece una locura lanzar a la pelea a diez pre-candidatos seguidores de Danilo Medina. Lo ideal era escoger a uno y sobre ese llevar y dirigir toda la carga propagandista. Ninguno de esos pre-candidatos ha presentado un gran apoyo de masas, y ahora tendr\u00e1n que demostrar si tienen m\u00fasculos.<\/p>\n<\/p>\n<p>Se dispersaran fuerzas, y muchos seguir\u00e1n pensando que su popularidad aumentar\u00e1 simplemente por enfrentar a Leonel. Se trata de una convenci\u00f3n abierta, donde votar\u00e1 todo el que quiera. Desde ya hay que tener programas de gobierno y hablar claro sobre la situaci\u00f3n  general del pa\u00eds. El fraccionamiento est\u00e1 vivo y la corta pre-campa\u00f1a hacia la candidatura va a erosionar m\u00e1s el ambiente morado. Vamos a esperar a ver c\u00f3mo llegan las olas embravecidas. \u00a1Ay!, se me acab\u00f3 la tinta.<\/p>\n<\/p>\n<h6> 2019-08-13 14:44:05 <\/h6>\n<p><!--\n<link rel=\"stylesheet\" href=\"css\/bootstrap.min.css\">\n\n\n<ul class=\"pagination\">\n\t    \n\t\n\n<li >\n\t<a href='?page_no=581'>Previous<\/a>\n\t<\/li>\n\n\n       \n    \n\n<li><a href='?page_no=1'>1<\/a><\/li>\n\n\n\n<li><a href='?page_no=2'>2<\/a><\/li>\n\n\n\n<li><a>...<\/a><\/li>\n\n\n\n<li><a href='?page_no=580'>580<\/a><\/li>\n\n\n\n<li><a href='?page_no=581'>581<\/a><\/li>\n\n\n\n<li class='active'><a>582<\/a><\/li>\n\n\n\n<li><a href='?page_no=583'>583<\/a><\/li>\n\n\n\n<li><a href='?page_no=584'>584<\/a><\/li>\n\n\n\n<li><a>...<\/a><\/li>\n\n\n\n<li><a href='?page_no=13611'>13611<\/a><\/li>\n\n\n\n<li><a href='?page_no=13612'>13612<\/a><\/li>\n\n    \n\t\n\n<li >\n\t<a href='?page_no=583'>Next<\/a>\n\t<\/li>\n\n\n    \n\n<li><a href='?page_no=13612'>Last &rsaquo;&rsaquo;<\/a><\/li>\n\n<\/ul>\n\n\n--><br \/>\n<\/body><\/p>\n","protected":false},"excerpt":{"rendered":"<p>Por Manuel Hern\u00e1ndez Villeta El seis de octubre toca a las puertas. Es una fecha inexorable. Se va a llegar a la misma se quiera o no. Sera el momento del triunfo y las desilusiones. Habr\u00e1 que ver quienes tienen fuerzas para tratar de tomar tierra aparte. Octubre tiene una raya en rojo. Si usted [&hellip;]<\/p>\n","protected":false},"author":3,"featured_media":0,"comment_status":"open","ping_status":"open","sticky":false,"template":"","format":"standard","meta":{"footnotes":""},"categories":[16],"tags":[],"class_list":["post-42848","post","type-post","status-publish","format-standard","hentry","category-opiniones"],"_links":{"self":[{"href":"https:\/\/diariodominicano.com\/index.php?rest_route=\/wp\/v2\/posts\/42848","targetHints":{"allow":["GET"]}}],"collection":[{"href":"https:\/\/diariodominicano.com\/index.php?rest_route=\/wp\/v2\/posts"}],"about":[{"href":"https:\/\/diariodominicano.com\/index.php?rest_route=\/wp\/v2\/types\/post"}],"author":[{"embeddable":true,"href":"https:\/\/diariodominicano.com\/index.php?rest_route=\/wp\/v2\/users\/3"}],"replies":[{"embeddable":true,"href":"https:\/\/diariodominicano.com\/index.php?rest_route=%2Fwp%2Fv2%2Fcomments&post=42848"}],"version-history":[{"count":0,"href":"https:\/\/diariodominicano.com\/index.php?rest_route=\/wp\/v2\/posts\/42848\/revisions"}],"wp:attachment":[{"href":"https:\/\/diariodominicano.com\/index.php?rest_route=%2Fwp%2Fv2%2Fmedia&parent=42848"}],"wp:term":[{"taxonomy":"category","embeddable":true,"href":"https:\/\/diariodominicano.com\/index.php?rest_route=%2Fwp%2Fv2%2Fcategories&post=42848"},{"taxonomy":"post_tag","embeddable":true,"href":"https:\/\/diariodominicano.com\/index.php?rest_route=%2Fwp%2Fv2%2Ftags&post=42848"}],"curies":[{"name":"wp","href":"https:\/\/api.w.org\/{rel}","templated":true}]}}