{"id":428421,"date":"2023-03-31T00:30:33","date_gmt":"2023-03-31T04:30:33","guid":{"rendered":"http:\/\/diariodominicano.com\/?p=428421"},"modified":"2023-03-31T00:37:29","modified_gmt":"2023-03-31T04:37:29","slug":"donald-guerrero-notificaba-desde-hace-mas-de-dos-anos-sus-salidas-y-entradas-de-republica-dominicana-a-la-pgr-afirma-abogado","status":"publish","type":"post","link":"https:\/\/diariodominicano.com\/?p=428421","title":{"rendered":"Donald Guerrero notificaba desde hace m\u00e1s de dos a\u00f1os sus salidas y entradas de Rep\u00fablica Dominicana a la PGR, afirma abogado"},"content":{"rendered":"\n<p>Donald Guerrero<\/p>\n\n\n\n<p><strong>Guerrero siempre ha actuado de manera responsable con las autoridades, por lo que no hay argumentos que sustenten la necesidad de imponer prisi\u00f3n preventiva, ya que no representa peligro de fuga.<\/strong><\/p>\n\n\n\n<p><strong>SANTO DOMINGO<\/strong>. &#8211; El abogado del empresario y exministro de Hacienda, Donald Guerrero, jurista Eduardo N\u00fa\u00f1ez, revel\u00f3 que desde el a\u00f1o 2021 su cliente notificaba por escrito a la Procuradur\u00eda General de la Rep\u00fablica cada una de sus entradas y salidas del pa\u00eds, de manera voluntaria, detallada y con anticipaci\u00f3n, lo que demuestra su actitud de colaboraci\u00f3n plena con la investigaci\u00f3n.<\/p>\n\n\n\n<p>N\u00fa\u00f1ez indic\u00f3 que, desde que Donald Guerrero tuvo conocimiento de que era objeto de una investigaci\u00f3n por parte de la Procuradur\u00eda, decidi\u00f3 de manera diligente y por iniciativa propia \u201cnotificar sus movimientos migratorios, tal como demuestran las comunicaciones oficiales dirigidas a la Procuradur\u00eda General de la Rep\u00fablica y la Certificaci\u00f3n Para Fines Judiciales emitida por la Direcci\u00f3n General de Migraci\u00f3n\u201d.<\/p>\n\n\n\n<p>El jurista manifest\u00f3 que un hecho que comprueba el compromiso de Donald Guerrero con la investigaci\u00f3n es la solicitud de acceso a la carpeta fiscal que realiz\u00f3 el exministro en el a\u00f1o 2022. La misma procuradora Miriam German reconoci\u00f3 mediante una carta que esto era un derecho constitucional e instruy\u00f3 a que se le entregara, pero sorprendentemente la PEPCA incumpli\u00f3. Agreg\u00f3 que: \u201cuna persona que piensa sustraerse de la investigaci\u00f3n no muestra inter\u00e9s en esta; ni tampoco notifica rigurosamente cada uno de sus movimientos\u201d.<\/p>\n\n\n\n<p>Detall\u00f3 que la prisi\u00f3n preventiva es una medida de coerci\u00f3n extrema, para una persona que por un per\u00edodo superior a dos a\u00f1os y que a pesar de haber enfrentado actos coercitivos en la forma de impedimentos de salida y saberse investigado, ha comparecido cuantas veces fue citado; sin mencionar que cont\u00f3 con m\u00e1s de 50 oportunidades de quedarse fuera del pa\u00eds y no lo hizo. \u201cDe acuerdo con el art\u00edculo 234 del C\u00f3digo Procesal Penal, se debe proceder a su aplicaci\u00f3n cuando las dem\u00e1s medidas cautelares fueren insuficientes para asegurar los objetivos del procedimiento penal\u201d, afirm\u00f3.<\/p>\n\n\n\n<p>Procuradur\u00eda recibi\u00f3 informaci\u00f3n detallada<\/p>\n\n\n\n<p>N\u00fa\u00f1ez precis\u00f3 adem\u00e1s que, Donald Guerrero aport\u00f3 numerosas pruebas a la investigaci\u00f3n y no intent\u00f3 obstaculizarla en forma alguna; consecutivamente, durante los a\u00f1os 2021, 2022 y 2023, Guerrero envi\u00f3 comunicaciones con las fechas de entrada y salida, as\u00ed como los motivos de cada viaje a la Procuradur\u00eda General de la Rep\u00fablica.<\/p>\n\n\n\n<p>&nbsp;\u201cEste accionar se ajusta a lo que ha sido el proceder respetuoso, transparente y de colaboraci\u00f3n del se\u00f1or Guerrero frente a la Procuradur\u00eda General de la Rep\u00fablica, aun siendo de conocimiento p\u00fablico la persecuci\u00f3n en su contra\u201d, asegur\u00f3.<\/p>\n\n\n\n<p><strong>Santo Domingo, Distrito Nacional<\/strong><\/p>\n\n\n\n<p><strong>30 de marzo de 2023.-<\/strong><\/p>\n","protected":false},"excerpt":{"rendered":"<p>Donald Guerrero Guerrero siempre ha actuado de manera responsable con las autoridades, por lo que no hay argumentos que sustenten la necesidad de imponer prisi\u00f3n preventiva, ya que no representa peligro de fuga. SANTO DOMINGO. &#8211; El abogado del empresario y exministro de Hacienda, Donald Guerrero, jurista Eduardo N\u00fa\u00f1ez, revel\u00f3 que desde el a\u00f1o 2021 [&hellip;]<\/p>\n","protected":false},"author":28,"featured_media":428422,"comment_status":"closed","ping_status":"","sticky":true,"template":"","format":"standard","meta":{"footnotes":""},"categories":[24,29,27],"tags":[],"class_list":["post-428421","post","type-post","status-publish","format-standard","has-post-thumbnail","hentry","category-justicia-y-derecho","category-policiasucesos","category-portada"],"_links":{"self":[{"href":"https:\/\/diariodominicano.com\/index.php?rest_route=\/wp\/v2\/posts\/428421","targetHints":{"allow":["GET"]}}],"collection":[{"href":"https:\/\/diariodominicano.com\/index.php?rest_route=\/wp\/v2\/posts"}],"about":[{"href":"https:\/\/diariodominicano.com\/index.php?rest_route=\/wp\/v2\/types\/post"}],"author":[{"embeddable":true,"href":"https:\/\/diariodominicano.com\/index.php?rest_route=\/wp\/v2\/users\/28"}],"replies":[{"embeddable":true,"href":"https:\/\/diariodominicano.com\/index.php?rest_route=%2Fwp%2Fv2%2Fcomments&post=428421"}],"version-history":[{"count":4,"href":"https:\/\/diariodominicano.com\/index.php?rest_route=\/wp\/v2\/posts\/428421\/revisions"}],"predecessor-version":[{"id":428427,"href":"https:\/\/diariodominicano.com\/index.php?rest_route=\/wp\/v2\/posts\/428421\/revisions\/428427"}],"wp:featuredmedia":[{"embeddable":true,"href":"https:\/\/diariodominicano.com\/index.php?rest_route=\/wp\/v2\/media\/428422"}],"wp:attachment":[{"href":"https:\/\/diariodominicano.com\/index.php?rest_route=%2Fwp%2Fv2%2Fmedia&parent=428421"}],"wp:term":[{"taxonomy":"category","embeddable":true,"href":"https:\/\/diariodominicano.com\/index.php?rest_route=%2Fwp%2Fv2%2Fcategories&post=428421"},{"taxonomy":"post_tag","embeddable":true,"href":"https:\/\/diariodominicano.com\/index.php?rest_route=%2Fwp%2Fv2%2Ftags&post=428421"}],"curies":[{"name":"wp","href":"https:\/\/api.w.org\/{rel}","templated":true}]}}