{"id":428261,"date":"2023-03-30T16:14:25","date_gmt":"2023-03-30T20:14:25","guid":{"rendered":"http:\/\/diariodominicano.com\/?p=428261"},"modified":"2023-03-30T16:17:44","modified_gmt":"2023-03-30T20:17:44","slug":"la-procuraduria-incinera-mas-de-media-tonelada-de-diferentes-drogas","status":"publish","type":"post","link":"https:\/\/diariodominicano.com\/?p=428261","title":{"rendered":"La Procuradur\u00eda incinera m\u00e1s de media tonelada de diferentes drogas"},"content":{"rendered":"\n<p><\/p>\n\n\n\n<p><em><u>M\u00e1s de tres toneladas y media han sido quemadas en lo que va de a\u00f1o como parte de las acciones contra el narcotr\u00e1fico&nbsp;<\/u><\/em><\/p>\n\n\n\n<figure class=\"wp-block-image size-large\"><img loading=\"lazy\" decoding=\"async\" width=\"1024\" height=\"768\" src=\"https:\/\/diariodominicano.com\/wp-content\/uploads\/2023\/03\/IMG-20230330-WA0007-1024x768.jpg\" alt=\"\" class=\"wp-image-428267\" srcset=\"https:\/\/diariodominicano.com\/wp-content\/uploads\/2023\/03\/IMG-20230330-WA0007-1024x768.jpg 1024w, https:\/\/diariodominicano.com\/wp-content\/uploads\/2023\/03\/IMG-20230330-WA0007-300x225.jpg 300w, https:\/\/diariodominicano.com\/wp-content\/uploads\/2023\/03\/IMG-20230330-WA0007-768x576.jpg 768w, https:\/\/diariodominicano.com\/wp-content\/uploads\/2023\/03\/IMG-20230330-WA0007-1536x1152.jpg 1536w, https:\/\/diariodominicano.com\/wp-content\/uploads\/2023\/03\/IMG-20230330-WA0007-816x612.jpg 816w, https:\/\/diariodominicano.com\/wp-content\/uploads\/2023\/03\/IMG-20230330-WA0007.jpg 1600w\" sizes=\"auto, (max-width: 1024px) 100vw, 1024px\" \/><\/figure>\n\n\n\n<p>SANTO DOMINGO, Rep\u00fablica Dominicana.- La Procuradur\u00eda General de la Rep\u00fablica inciner\u00f3 este jueves 30 de marzo m\u00e1s de media tonelada de drogas, la mayor\u00eda de casos de coca\u00edna, incautada en operaciones puesta en marcha en la provincia Santo Domingo.<\/p>\n\n\n\n<p>Como cada jueves la droga fue incinerada por el Instituto Nacional de Ciencias Forenses (Inacif), el cual hizo constar en un informe que en total fueron incinerados 555.321 kilogramos de diversas sustancias narc\u00f3ticas.<\/p>\n\n\n\n<p>Los narc\u00f3ticos fueron ocupados en diferentes operaciones que contin\u00faan realizando fiscales y agentes de la Direcci\u00f3n Nacional de Control de Drogas (DNCD) en todo el pa\u00eds.<\/p>\n\n\n\n<p>El Inacif indic\u00f3 que correspond\u00edan a coca\u00edna 457.385 kilogramos, equivalentes al 82.36%, y a marihuana 97.059 kilogramos, con un 17.48%. Adem\u00e1s, incluy\u00f3 855 gramos de crack, para un 0.1540%; de \u00e9xtasis 20 gramos, que representan un 0.0036%, as\u00ed como tres gramos de tramadol, equivalentes al 0.0005%.<\/p>\n\n\n\n<p>Un total de 2.647 kilogramos de otras sustancias, en cuyos an\u00e1lisis se determin\u00f3 que no correspond\u00edan a drogas, tambi\u00e9n fueron incineradas durante el acto.<\/p>\n\n\n\n<p>De acuerdo al informe del Inacif, las incautaciones se ejecutaron adem\u00e1s de Santo Domingo, en el Distrito Nacional, Santiago, Montecristi, Pedernales, Mar\u00eda Trinidad S\u00e1nchez, La Vega, La Altagracia, La Romana, San Juan, Duarte, San Crist\u00f3bal, Espaillat, El Seibo y Saman\u00e1, as\u00ed como en Peravia, San Jos\u00e9 de Ocoa, Monte Plata, Puerto Plata, San Pedro de Macor\u00eds, Monse\u00f1or Nouel, S\u00e1nchez Ram\u00edrez, Hato Mayor, Hermanas Mirabal, El\u00edas Pi\u00f1a y Azua.<\/p>\n\n\n\n<p>Diferentes personalidades y representantes del sistema de justicia y del \u00e1rea de la salud participaron en el acto, que se llev\u00f3 a cabo en el recinto del Ej\u00e9rcito de Rep\u00fablica Dominicana, en el municipio Pedro Brand, provincia Santo Domingo.<\/p>\n\n\n\n<p><strong>Direcci\u00f3n General de Comunicaci\u00f3n, Prensa, y RRPP<\/strong><\/p>\n\n\n\n<p>Ministerio P\u00fablico.&nbsp;R.D.<\/p>\n\n\n\n<p>Jueves, 30 de marzo de 2023.<\/p>\n","protected":false},"excerpt":{"rendered":"<p>M\u00e1s de tres toneladas y media han sido quemadas en lo que va de a\u00f1o como parte de las acciones contra el narcotr\u00e1fico&nbsp; SANTO DOMINGO, Rep\u00fablica Dominicana.- La Procuradur\u00eda General de la Rep\u00fablica inciner\u00f3 este jueves 30 de marzo m\u00e1s de media tonelada de drogas, la mayor\u00eda de casos de coca\u00edna, incautada en operaciones puesta [&hellip;]<\/p>\n","protected":false},"author":28,"featured_media":428262,"comment_status":"closed","ping_status":"","sticky":true,"template":"","format":"standard","meta":{"footnotes":""},"categories":[24,29,27],"tags":[],"class_list":["post-428261","post","type-post","status-publish","format-standard","has-post-thumbnail","hentry","category-justicia-y-derecho","category-policiasucesos","category-portada"],"_links":{"self":[{"href":"https:\/\/diariodominicano.com\/index.php?rest_route=\/wp\/v2\/posts\/428261","targetHints":{"allow":["GET"]}}],"collection":[{"href":"https:\/\/diariodominicano.com\/index.php?rest_route=\/wp\/v2\/posts"}],"about":[{"href":"https:\/\/diariodominicano.com\/index.php?rest_route=\/wp\/v2\/types\/post"}],"author":[{"embeddable":true,"href":"https:\/\/diariodominicano.com\/index.php?rest_route=\/wp\/v2\/users\/28"}],"replies":[{"embeddable":true,"href":"https:\/\/diariodominicano.com\/index.php?rest_route=%2Fwp%2Fv2%2Fcomments&post=428261"}],"version-history":[{"count":3,"href":"https:\/\/diariodominicano.com\/index.php?rest_route=\/wp\/v2\/posts\/428261\/revisions"}],"predecessor-version":[{"id":428268,"href":"https:\/\/diariodominicano.com\/index.php?rest_route=\/wp\/v2\/posts\/428261\/revisions\/428268"}],"wp:featuredmedia":[{"embeddable":true,"href":"https:\/\/diariodominicano.com\/index.php?rest_route=\/wp\/v2\/media\/428262"}],"wp:attachment":[{"href":"https:\/\/diariodominicano.com\/index.php?rest_route=%2Fwp%2Fv2%2Fmedia&parent=428261"}],"wp:term":[{"taxonomy":"category","embeddable":true,"href":"https:\/\/diariodominicano.com\/index.php?rest_route=%2Fwp%2Fv2%2Fcategories&post=428261"},{"taxonomy":"post_tag","embeddable":true,"href":"https:\/\/diariodominicano.com\/index.php?rest_route=%2Fwp%2Fv2%2Ftags&post=428261"}],"curies":[{"name":"wp","href":"https:\/\/api.w.org\/{rel}","templated":true}]}}