{"id":428100,"date":"2023-03-29T22:51:00","date_gmt":"2023-03-30T02:51:00","guid":{"rendered":"http:\/\/diariodominicano.com\/?p=428100"},"modified":"2023-03-29T22:51:00","modified_gmt":"2023-03-30T02:51:00","slug":"mas-de-500-fiscales-y-responsables-de-politicas-de-drogas-hacen-recomendaciones-para-fortalecer-lucha-contra-el-lavado-de-capitales-del-narcotrafico","status":"publish","type":"post","link":"https:\/\/diariodominicano.com\/?p=428100","title":{"rendered":"M\u00e1s de 500 fiscales y responsables de pol\u00edticas de drogas hacen recomendaciones para fortalecer lucha contra el lavado de capitales del narcotr\u00e1fico"},"content":{"rendered":"\n<p>Nueva Modalidad de Lucha Contra el Narcotr\u00e1fico y el Blanqueo de Dinero<\/p>\n\n\n\n<p><\/p>\n\n\n\n<p><em><u>Tras dos d\u00edas de intenso trabajo, las autoridades de 13 pa\u00edses de Europa, Am\u00e9rica Latina y el Caribe realizaron este mi\u00e9rcoles una serie de recomendaciones para mejorar la cooperaci\u00f3n internacional en la persecuci\u00f3n de los activos del narcotr\u00e1fico y la necesidad de revertirlos a un uso social.<\/u><\/em><\/p>\n\n\n\n<p>SANTO DOMINGO (Rep\u00fablica Dominicana).- \u201cUna de las razones detr\u00e1s de la idea de que la democracia no ha podido resolver los problemas de la regi\u00f3n es que el crimen organizado y sus aliados en las \u00e9lites han deteriorado las instituciones y se han asegurado de que no lleven a cabo su trabajo de manera efectiva. Esto es algo que no podemos seguir permitiendo, puesto que encierra otros peligros: la desconfianza en el sistema da pie a que discursos populistas autoritarios ganen terreno pol\u00edtico\u201d, expres\u00f3 Miriam Germ\u00e1n Brito, procuradora general de la Rep\u00fablica Dominicana en la inauguraci\u00f3n del Seminario Internacional \u201cFollow the Money: Nuevas modalidades de lucha contra el narcotr\u00e1fico y el blanqueo de dinero\u201d,&nbsp; que toma su t\u00edtulo de unas inspiradoras palabras del recordado Juez Falcone.<\/p>\n\n\n\n<p>\u201cNing\u00fan pa\u00eds puede enfrentar este problema solo porque los criminales no tienen fronteras\u201d, apunt\u00f3 Giovanni Melillo, Fiscal Antimafia de Italia, en referencia a una de las ideas que m\u00e1s se ha he repetido en el seminario: la importancia de reforzar y aumentar la cooperaci\u00f3n judicial y policial contra el narcotr\u00e1fico y la necesidad de una mirada m\u00e1s inclusiva y hol\u00edstica a las mismas pol\u00edticas.<\/p>\n\n\n\n<p>El Instituto de Educaci\u00f3n Superior Escuela Nacional del Ministerio P\u00fablico (IES-ENMP), junto al Programa de Cooperaci\u00f3n entre Am\u00e9rica latina, el Caribe y la Uni\u00f3n Europea sobre Drogas (COPOLAD III), financiado por la Uni\u00f3n Europea, celebraron el seminario internacional \u201cFollow the Money: Nuevas Modalidades de Lucha Contra el Narcotr\u00e1fico y el Blanqueo de Dinero\u201d.<\/p>\n\n\n\n<p>El evento internacional se desarroll\u00f3 los d\u00edas 28 y 29 de marzo 2023, con la participaci\u00f3n de representantes de Italia, Per\u00fa, El Salvador, Ecuador, Brasil, Argentina Colombia, Costa Rica, Honduras, Guatemala, Panam\u00e1, Espa\u00f1a y Rep\u00fablica Dominicana como anfitri\u00f3n.<\/p>\n\n\n\n<p>\u201cDebemos llegar a los de arriba\u201d, afirm\u00f3 Rosa Ana Mor\u00e1n, Fiscal Jefe Antidrogas de Espa\u00f1a (la primera mujer que asume dicho puesto), en referencia a la necesidad de ajustar y redirigir la mirada de interdicci\u00f3n en la lucha contra la econom\u00eda ilegal de las drogas. \u201cActualmente, s\u00f3lo estamos consiguiendo confiscar el 1% de los activos financieros que son los que le dan al narcotr\u00e1fico poder de corromper la gobernabilidad y la econom\u00eda legal. Hay mucho margen de mejora\u201d, afirm\u00f3.<\/p>\n\n\n\n<p>Por su parte la Embajadora de la Uni\u00f3n Europea en el pa\u00eds Katja Afheldt, afirm\u00f3 que \u201cEl Caribe es un lugar emblem\u00e1tico en el transporte internacional de drogas il\u00edcitas. Y por ello quiero felicitar los esfuerzos de la Rep\u00fablica Dominicana, ya que ha visto cifras r\u00e9cord en incautaciones de drogas\u201d. \u201cEsto no es as\u00ed&#8230;.en la lucha contra las drogas, las cifras aumentan cuando la cantidad aumenta.\u201d.<\/p>\n\n\n\n<p>Adem\u00e1s de analizar estrategias para la persecuci\u00f3n de las finanzas criminales y de creaci\u00f3n de mecanismos de investigaci\u00f3n conjunta y de investigaci\u00f3n patrimonial sin fronteras, el semanario concret\u00f3 algunas propuestas para su gesti\u00f3n.<\/p>\n\n\n\n<p>Adjuntamos el documento de recomendaciones \u00edntegro, acordado en el marco de este seminario internacional.<\/p>\n\n\n\n<p>Comunicaciones Prensa PGR<a target=\"_blank\" href=\"mailto:comunicaciones@pgr.gob.do\" rel=\"noreferrer noopener\">comunicaciones@pgr.gob.do<\/a><\/p>\n\n\n\n<p><strong>Direcci\u00f3n General de Comunicaci\u00f3n, Prensa, y RRPP<\/strong><\/p>\n\n\n\n<p>Ministerio P\u00fablico.&nbsp;R.D.<\/p>\n\n\n\n<p>Mi\u00e9rcoles, 29 de marzo de 2023.<\/p>\n","protected":false},"excerpt":{"rendered":"<p>Nueva Modalidad de Lucha Contra el Narcotr\u00e1fico y el Blanqueo de Dinero Tras dos d\u00edas de intenso trabajo, las autoridades de 13 pa\u00edses de Europa, Am\u00e9rica Latina y el Caribe realizaron este mi\u00e9rcoles una serie de recomendaciones para mejorar la cooperaci\u00f3n internacional en la persecuci\u00f3n de los activos del narcotr\u00e1fico y la necesidad de revertirlos [&hellip;]<\/p>\n","protected":false},"author":28,"featured_media":428101,"comment_status":"closed","ping_status":"","sticky":true,"template":"","format":"standard","meta":{"footnotes":""},"categories":[20,24,29,27],"tags":[],"class_list":["post-428100","post","type-post","status-publish","format-standard","has-post-thumbnail","hentry","category-dominicana-hoy","category-justicia-y-derecho","category-policiasucesos","category-portada"],"_links":{"self":[{"href":"https:\/\/diariodominicano.com\/index.php?rest_route=\/wp\/v2\/posts\/428100","targetHints":{"allow":["GET"]}}],"collection":[{"href":"https:\/\/diariodominicano.com\/index.php?rest_route=\/wp\/v2\/posts"}],"about":[{"href":"https:\/\/diariodominicano.com\/index.php?rest_route=\/wp\/v2\/types\/post"}],"author":[{"embeddable":true,"href":"https:\/\/diariodominicano.com\/index.php?rest_route=\/wp\/v2\/users\/28"}],"replies":[{"embeddable":true,"href":"https:\/\/diariodominicano.com\/index.php?rest_route=%2Fwp%2Fv2%2Fcomments&post=428100"}],"version-history":[{"count":1,"href":"https:\/\/diariodominicano.com\/index.php?rest_route=\/wp\/v2\/posts\/428100\/revisions"}],"predecessor-version":[{"id":428104,"href":"https:\/\/diariodominicano.com\/index.php?rest_route=\/wp\/v2\/posts\/428100\/revisions\/428104"}],"wp:featuredmedia":[{"embeddable":true,"href":"https:\/\/diariodominicano.com\/index.php?rest_route=\/wp\/v2\/media\/428101"}],"wp:attachment":[{"href":"https:\/\/diariodominicano.com\/index.php?rest_route=%2Fwp%2Fv2%2Fmedia&parent=428100"}],"wp:term":[{"taxonomy":"category","embeddable":true,"href":"https:\/\/diariodominicano.com\/index.php?rest_route=%2Fwp%2Fv2%2Fcategories&post=428100"},{"taxonomy":"post_tag","embeddable":true,"href":"https:\/\/diariodominicano.com\/index.php?rest_route=%2Fwp%2Fv2%2Ftags&post=428100"}],"curies":[{"name":"wp","href":"https:\/\/api.w.org\/{rel}","templated":true}]}}