{"id":42803,"date":"2019-08-14T10:32:29","date_gmt":"2019-08-14T10:32:29","guid":{"rendered":"http:\/\/diariodominicano.ddns.net\/?p=42803"},"modified":"2019-08-14T10:32:29","modified_gmt":"2019-08-14T10:32:29","slug":"cincuenta-anos-de-zonas-francas","status":"publish","type":"post","link":"https:\/\/diariodominicano.com\/?p=42803","title":{"rendered":"&#13;CINCUENTA A\u00d1OS DE ZONAS FRANCAS"},"content":{"rendered":"<p><body><\/p>\n<p>EN PRIMERA FILA<\/p>\n<\/p>\n<p>CINCUENTA A\u00d1OS DE ZONAS FRANCAS<\/p>\n<p>Mario Rivadulla<\/p>\n<\/p>\n<p>Cincuenta a\u00f1os atr\u00e1s, promovida por el Central Romana, se instal\u00f3 en el pa\u00eds la primera zona franca industrial en la ciudad romanense.  Inspirada en su ejemplo, el emprendedor empresariado de Santiago guiado por V\u00edctor Espaillat dio paso a la segunda, que andando el tiempo ha venido a ser la m\u00e1s importante del pa\u00eds y en d\u00edas recientes llev\u00f3 a cabo su sexta etapa de ampliaci\u00f3n.<\/p>\n<\/p>\n<p>Con motivo de haber arribado al medio siglo, tuvo lugar en el Palacio Nacional un merecido reconocimiento a los representantes de las principales empresas y operadores de parques que ahora dado el aporte tan significativo que hacen a nuestro comercio exterior, se nombran Zonas Francas de Exportaci\u00f3n.<\/p>\n<\/p>\n<p>En ese mismo acto, sin previo aviso, la directora del Consejo Nacional que desde el \u00e1rea p\u00fablica rige el sector, Luisa Fern\u00e1ndez, recibi\u00f3 de sorpresa la condecoraci\u00f3n en el grado de Caballero de la Orden del M\u00e9rito de Duarte, S\u00e1nchez y Mella en justa retribuci\u00f3n a su dedicado y eficiente trabajo al frente del mismo, donde sin dudas ha llevado a cabo una exitosa labor.<\/p>\n<\/p>\n<p>Durante este medio siglo de existencia, el sector zonafranquero, donde originalmente la industria textilera de ensamblaje ejerc\u00eda un amplio predominio, ha ido creciendo de manera sostenida y vigorosa,  diversificando cada vez m\u00e1s su producci\u00f3n y adquiriendo un elevado nivel de tecnificaci\u00f3n, al punto que hoy  es la fabricaci\u00f3n de sofisticados equipos m\u00e9dicos los que ocupan el sitial de cabecera.<\/p>\n<\/p>\n<p>La medida de la importancia y aportes de las zonas francas al pa\u00eds figura reflejada de manera contundente en las siguientes cifras: el pa\u00eds cuenta con 74 zonas francas que albergan 673 empresas.  Al estar repartidas en 27 provincias, contribuyen al dinamismo econ\u00f3mico y laboral de las mismas.  <\/p>\n<\/p>\n<p>Al finalizar el 2018, la inversi\u00f3n acumulada en el sector ascend\u00eda a casi 4 mil 9779 millones de d\u00f3lares, manteni\u00e9ndose en continuo incremento por el marcado inter\u00e9s que muestran los inversionistas por abrir nuevas f\u00e1bricas y talleres.  Al presente, la Rep\u00fablica Dominicana es el segundo pa\u00eds, despu\u00e9s de los Estados Unidos, que cuenta con mayor inversi\u00f3n en zonas francas por encima del Reino Unido y Canad\u00e1 que le marchan a la zaga.<\/p>\n<\/p>\n<p>Mientras sus exportaciones superan los seis mil millones de d\u00f3lares anuales, representando el 57.1 por ciento del total que registra el pa\u00eds, las compras locales en bienes y servicios superan los 60 mil millones de pesos.  Las zonas francas generan m\u00e1s de 171 mil empleos directos que sumando los indirectos hacen un gran total de 375 mil \tque se benefician de su operaci\u00f3n.<\/p>\n<\/p>\n<p>El constante y sostenido crecimiento del sector que promedia entre un 11 y 12 por ciento anual, as\u00ed como el requerimiento de personal cada vez m\u00e1s especializado constituye posiblemente su m\u00e1s urgente reto al presente en especial ingenieros industriales, obreros calificados y el dominio del idioma Ingl\u00e9s.  Para afrontarlo cuenta  con el aporte de INFOTEP, que ya ha entregado su primer contingente de graduados as\u00ed como de oportunos acuerdos a nivel universitario.<\/p>\n<\/p>\n<p>En las zonas francas de exportaci\u00f3n al igual que con el sector tur\u00edstico, el pa\u00eds cuenta con un sostenido puntal de desarrollo econ\u00f3mico y social en continua expansi\u00f3n que obliga a su m\u00e1s celosa preservaci\u00f3n.<\/p>\n<h6> 2019-08-14 10:32:29 <\/h6>\n<p><!--\n<link rel=\"stylesheet\" href=\"css\/bootstrap.min.css\">\n\n\n<ul class=\"pagination\">\n\t    \n\t\n\n<li >\n\t<a href='?page_no=577'>Previous<\/a>\n\t<\/li>\n\n\n       \n    \n\n<li><a href='?page_no=1'>1<\/a><\/li>\n\n\n\n<li><a href='?page_no=2'>2<\/a><\/li>\n\n\n\n<li><a>...<\/a><\/li>\n\n\n\n<li><a href='?page_no=576'>576<\/a><\/li>\n\n\n\n<li><a href='?page_no=577'>577<\/a><\/li>\n\n\n\n<li class='active'><a>578<\/a><\/li>\n\n\n\n<li><a href='?page_no=579'>579<\/a><\/li>\n\n\n\n<li><a href='?page_no=580'>580<\/a><\/li>\n\n\n\n<li><a>...<\/a><\/li>\n\n\n\n<li><a href='?page_no=13611'>13611<\/a><\/li>\n\n\n\n<li><a href='?page_no=13612'>13612<\/a><\/li>\n\n    \n\t\n\n<li >\n\t<a href='?page_no=579'>Next<\/a>\n\t<\/li>\n\n\n    \n\n<li><a href='?page_no=13612'>Last &rsaquo;&rsaquo;<\/a><\/li>\n\n<\/ul>\n\n\n--><br \/>\n<\/body><\/p>\n","protected":false},"excerpt":{"rendered":"<p>EN PRIMERA FILA CINCUENTA A\u00d1OS DE ZONAS FRANCAS Mario Rivadulla Cincuenta a\u00f1os atr\u00e1s, promovida por el Central Romana, se instal\u00f3 en el pa\u00eds la primera zona franca industrial en la ciudad romanense. Inspirada en su ejemplo, el emprendedor empresariado de Santiago guiado por V\u00edctor Espaillat dio paso a la segunda, que andando el tiempo ha [&hellip;]<\/p>\n","protected":false},"author":3,"featured_media":0,"comment_status":"open","ping_status":"open","sticky":false,"template":"","format":"standard","meta":{"footnotes":""},"categories":[16],"tags":[],"class_list":["post-42803","post","type-post","status-publish","format-standard","hentry","category-opiniones"],"_links":{"self":[{"href":"https:\/\/diariodominicano.com\/index.php?rest_route=\/wp\/v2\/posts\/42803","targetHints":{"allow":["GET"]}}],"collection":[{"href":"https:\/\/diariodominicano.com\/index.php?rest_route=\/wp\/v2\/posts"}],"about":[{"href":"https:\/\/diariodominicano.com\/index.php?rest_route=\/wp\/v2\/types\/post"}],"author":[{"embeddable":true,"href":"https:\/\/diariodominicano.com\/index.php?rest_route=\/wp\/v2\/users\/3"}],"replies":[{"embeddable":true,"href":"https:\/\/diariodominicano.com\/index.php?rest_route=%2Fwp%2Fv2%2Fcomments&post=42803"}],"version-history":[{"count":0,"href":"https:\/\/diariodominicano.com\/index.php?rest_route=\/wp\/v2\/posts\/42803\/revisions"}],"wp:attachment":[{"href":"https:\/\/diariodominicano.com\/index.php?rest_route=%2Fwp%2Fv2%2Fmedia&parent=42803"}],"wp:term":[{"taxonomy":"category","embeddable":true,"href":"https:\/\/diariodominicano.com\/index.php?rest_route=%2Fwp%2Fv2%2Fcategories&post=42803"},{"taxonomy":"post_tag","embeddable":true,"href":"https:\/\/diariodominicano.com\/index.php?rest_route=%2Fwp%2Fv2%2Ftags&post=42803"}],"curies":[{"name":"wp","href":"https:\/\/api.w.org\/{rel}","templated":true}]}}