{"id":427669,"date":"2023-03-28T00:33:52","date_gmt":"2023-03-28T04:33:52","guid":{"rendered":"http:\/\/diariodominicano.com\/?p=427669"},"modified":"2023-03-28T00:33:52","modified_gmt":"2023-03-28T04:33:52","slug":"imponen-prision-preventiva-contra-joven-que-mato-menor-de-15-anos-en-salcedo","status":"publish","type":"post","link":"https:\/\/diariodominicano.com\/?p=427669","title":{"rendered":"Imponen prisi\u00f3n preventiva contra joven que mat\u00f3 menor de 15 a\u00f1os en Salcedo"},"content":{"rendered":"\n<p>HERMANAS MIRABAL, Rep\u00fablica Dominicana.- Un Tribunal de la provincia Hermanas Mirabal dict\u00f3 tres meses de prisi\u00f3n preventiva en contra de un joven a quien se le atribuye dar muerte a un menor de 15 a\u00f1os de edad, de un disparo en la cabeza, en un hecho registrado el pasado 18 de marzo en el sector Rabo Duro, del municipio Salcedo.<\/p>\n\n\n\n<p>La decisi\u00f3n fue tomada por la jueza Yudelka de Le\u00f3n, del Juzgado de Instrucci\u00f3n de este distrito judicial en contra de Luis Miguel Padr\u00f3n Germ\u00e1n, imputado de quitarle la vida a Yuniel Mora Mercedes.<\/p>\n\n\n\n<p>De acuerdo con lo que establece el Ministerio P\u00fablico, el hecho de sangre se produjo alrededor de las 11 de la noche del referido d\u00eda, mientras el menor se encontraba en la residencia de la se\u00f1ora Richely Mar\u00eda Santos en el referido sector. Indica que al lugar se present\u00f3 Padr\u00f3n Germ\u00e1n, preguntando por el esposo de la se\u00f1ora, y al mismo tiempo le pregunt\u00f3 al menor que si quer\u00eda un tiro.<\/p>\n\n\n\n<p>El relato de la solicitud de medidas de coerci\u00f3n refiere que el homicida le pregunt\u00f3 una segunda vez al menor que si quer\u00eda un tiro, procediendo de inmediato a levantar su su\u00e9ter y sacar un arma de fuego, con la que apunt\u00f3 y dispar\u00f3 en la cabeza a la v\u00edctima, provoc\u00e1ndole la muerte.<\/p>\n\n\n\n<p>Para cometer el hecho, el victimario, utiliz\u00f3 un rev\u00f3lver calibre 9mm, que fue recolectado en la escena del crimen al momento de las autoridades proceder con la inspecci\u00f3n del lugar.<\/p>\n\n\n\n<p>La representante del Ministerio P\u00fablico en la investigaci\u00f3n, Claudia Cecilia Rom\u00e1n, present\u00f3 ante el tribunal, los elementos de pruebas en los que se sustenta la investigaci\u00f3n contra Luis Miguel Padr\u00f3n Germ\u00e1n, iniciada por el \u00f3rgano persecutor.<\/p>\n\n\n\n<p>El Ministerio P\u00fablico ha calificado los hechos como violaci\u00f3n a los art\u00edculos 295 y 304 del C\u00f3digo Penal Dominicano en perjuicio del menor, y los art\u00edculos 66 y 67 de la Ley 631-16 para el Control y Regulaci\u00f3n de Armas, Municiones y Materiales Relacionados.<\/p>\n\n\n\n<p>La medida de coerci\u00f3n, contemplada en el art\u00edculo 226, numeral 7 del C\u00f3digo Procesal Penal, en contra del encartado Padr\u00f3n Germ\u00e1n, deber\u00e1 cumplirse en la c\u00e1rcel p\u00fablica Juana N\u00fa\u00f1ez, de Salcedo.<\/p>\n\n\n\n<p>Direcci\u00f3n General de Comunicaci\u00f3n, Prensa, y RRPP<\/p>\n\n\n\n<p>Ministerio P\u00fablico.&nbsp;R.D.<\/p>\n\n\n\n<p>Lunes, 27 de marzo de 2023.<\/p>\n","protected":false},"excerpt":{"rendered":"<p>HERMANAS MIRABAL, Rep\u00fablica Dominicana.- Un Tribunal de la provincia Hermanas Mirabal dict\u00f3 tres meses de prisi\u00f3n preventiva en contra de un joven a quien se le atribuye dar muerte a un menor de 15 a\u00f1os de edad, de un disparo en la cabeza, en un hecho registrado el pasado 18 de marzo en el sector [&hellip;]<\/p>\n","protected":false},"author":28,"featured_media":295312,"comment_status":"closed","ping_status":"","sticky":false,"template":"","format":"standard","meta":{"footnotes":""},"categories":[24,29],"tags":[],"class_list":["post-427669","post","type-post","status-publish","format-standard","has-post-thumbnail","hentry","category-justicia-y-derecho","category-policiasucesos"],"_links":{"self":[{"href":"https:\/\/diariodominicano.com\/index.php?rest_route=\/wp\/v2\/posts\/427669","targetHints":{"allow":["GET"]}}],"collection":[{"href":"https:\/\/diariodominicano.com\/index.php?rest_route=\/wp\/v2\/posts"}],"about":[{"href":"https:\/\/diariodominicano.com\/index.php?rest_route=\/wp\/v2\/types\/post"}],"author":[{"embeddable":true,"href":"https:\/\/diariodominicano.com\/index.php?rest_route=\/wp\/v2\/users\/28"}],"replies":[{"embeddable":true,"href":"https:\/\/diariodominicano.com\/index.php?rest_route=%2Fwp%2Fv2%2Fcomments&post=427669"}],"version-history":[{"count":1,"href":"https:\/\/diariodominicano.com\/index.php?rest_route=\/wp\/v2\/posts\/427669\/revisions"}],"predecessor-version":[{"id":427670,"href":"https:\/\/diariodominicano.com\/index.php?rest_route=\/wp\/v2\/posts\/427669\/revisions\/427670"}],"wp:featuredmedia":[{"embeddable":true,"href":"https:\/\/diariodominicano.com\/index.php?rest_route=\/wp\/v2\/media\/295312"}],"wp:attachment":[{"href":"https:\/\/diariodominicano.com\/index.php?rest_route=%2Fwp%2Fv2%2Fmedia&parent=427669"}],"wp:term":[{"taxonomy":"category","embeddable":true,"href":"https:\/\/diariodominicano.com\/index.php?rest_route=%2Fwp%2Fv2%2Fcategories&post=427669"},{"taxonomy":"post_tag","embeddable":true,"href":"https:\/\/diariodominicano.com\/index.php?rest_route=%2Fwp%2Fv2%2Ftags&post=427669"}],"curies":[{"name":"wp","href":"https:\/\/api.w.org\/{rel}","templated":true}]}}