{"id":42759,"date":"2019-08-18T23:24:30","date_gmt":"2019-08-18T23:24:30","guid":{"rendered":"http:\/\/diariodominicano.ddns.net\/?p=42759"},"modified":"2019-08-18T23:24:30","modified_gmt":"2019-08-18T23:24:30","slug":"a-pleno-sollos-enfermos-desamparados","status":"publish","type":"post","link":"https:\/\/diariodominicano.com\/?p=42759","title":{"rendered":"&#13;&#13;A Pleno Sol&#13;&#13;Los enfermos desamparados"},"content":{"rendered":"<p><body><\/p>\n<p><strong>Por Manuel Hern\u00e1ndez Villeta<\/strong><\/p>\n<\/p>\n<\/p>\n<p>La atenci\u00f3n  medica en los hospitales p\u00fablicos debe estar garantizada. El Colegio M\u00e9dico Dominicano tiene que saber que un paro en esos centros no es al gobierno o a la direcci\u00f3n, sino a los pacientes.<\/p>\n<\/p>\n<p>Conocen a fondo los m\u00e9dicos las necesidades de los dominicanos, aunque en ocasiones no interact\u00faen con ella.  Viven a diario el dolor de los pobres cuando los atienden en los hospitales. Son centros donde hay deficiencias, poco personal y en muchas ocasiones falta de equipos.<\/p>\n<\/p>\n<p>Los m\u00e9dicos que trabajan en cl\u00ednicas privadas y en hospitales  p\u00fablicos conocen a fondo los serios problemas asistenciales de los dominicanos  que obligatoriamente tienen que ir a los hospitales. Entonces no se justifica que le paren el servicio.<\/p>\n<\/p>\n<p>Tiene que haber m\u00e1s sensibilidad social en el Colegio M\u00e9dico Dominicano. Sus constantes paros constituyen una pu\u00f1alada al coraz\u00f3n del pueblo. No es al gobierno que le est\u00e1n haciendo da\u00f1o, sino a los pacientes incapacitados de ir a una cl\u00ednica.<\/p>\n<\/p>\n<p>Los directivos del grupo medico tienen que cambiar par\u00e1metro de lucha. Tienen derecho a buscar reivindicaciones, eso no se lo puede prohibir nadie, pero lo que no pueden es llevar la muerte y el dolor a pacientes que ellos le deben garantizar la asistencia.<\/p>\n<\/p>\n<p>Tiene que darse un encuentro de hermandad entre los m\u00e9dicos agremiados y el ministerio de Educaci\u00f3n. Por siempre se han enfrentado y han chocado. Tiene que darse la valent\u00eda de que puedan ir a un dialogo sincero y firme.<\/p>\n<\/p>\n<p>El gobierno ha hecho un trabajo bueno en lo que se refiere a la remodelaci\u00f3n de hospitales, pero parece que los gerentes encargados se han dormido y no han podido lograr un acuerdo de trabajo  con el gremio que representa a los m\u00e9dicos.<\/p>\n<\/p>\n<p>Hay que seguir buscando la concertaci\u00f3n. No es momento de enfrentamientos que a los pacientes  les ocasionan serios inconvenientes. Lo que es m\u00e1s importante es que no se deje a un solo paciente sin  atenciones m\u00e9dica.<\/p>\n<\/p>\n<p>El tema puramente acad\u00e9mico, debe ser sacado de la pol\u00edtica de mantenimiento hospitalario. Todo lo referente a los que hacen su pasant\u00eda, tiene que ser coordinado con las universidades y el equipo del ministerio y del Colegio.<\/p>\n<\/p>\n<p>Pero un problema de docencia, la reprobaci\u00f3n de tres m\u00e9dicos que hacen la especialidad en cirug\u00eda, no puede provocar la total paralizaci\u00f3n de un hospital. Hay un fracaso del gremio y tambi\u00e9n del Colegio. Que se trabaje por el mejoramiento de los pacientes, y que se deje a un lado tantas \u00f1o\u00f1er\u00edas y prepotencias. \u00a1Ay!, se me acab\u00f3 la tinta.<\/p>\n<\/p>\n<\/p>\n<h6> 2019-08-18 23:24:30 <\/h6>\n<p><!--\n<link rel=\"stylesheet\" href=\"css\/bootstrap.min.css\">\n\n\n<ul class=\"pagination\">\n\t    \n\t\n\n<li >\n\t<a href='?page_no=573'>Previous<\/a>\n\t<\/li>\n\n\n       \n    \n\n<li><a href='?page_no=1'>1<\/a><\/li>\n\n\n\n<li><a href='?page_no=2'>2<\/a><\/li>\n\n\n\n<li><a>...<\/a><\/li>\n\n\n\n<li><a href='?page_no=572'>572<\/a><\/li>\n\n\n\n<li><a href='?page_no=573'>573<\/a><\/li>\n\n\n\n<li class='active'><a>574<\/a><\/li>\n\n\n\n<li><a href='?page_no=575'>575<\/a><\/li>\n\n\n\n<li><a href='?page_no=576'>576<\/a><\/li>\n\n\n\n<li><a>...<\/a><\/li>\n\n\n\n<li><a href='?page_no=13611'>13611<\/a><\/li>\n\n\n\n<li><a href='?page_no=13612'>13612<\/a><\/li>\n\n    \n\t\n\n<li >\n\t<a href='?page_no=575'>Next<\/a>\n\t<\/li>\n\n\n    \n\n<li><a href='?page_no=13612'>Last &rsaquo;&rsaquo;<\/a><\/li>\n\n<\/ul>\n\n\n--><br \/>\n<\/body><\/p>\n","protected":false},"excerpt":{"rendered":"<p>Por Manuel Hern\u00e1ndez Villeta La atenci\u00f3n medica en los hospitales p\u00fablicos debe estar garantizada. El Colegio M\u00e9dico Dominicano tiene que saber que un paro en esos centros no es al gobierno o a la direcci\u00f3n, sino a los pacientes. Conocen a fondo los m\u00e9dicos las necesidades de los dominicanos, aunque en ocasiones no interact\u00faen con [&hellip;]<\/p>\n","protected":false},"author":3,"featured_media":0,"comment_status":"open","ping_status":"open","sticky":false,"template":"","format":"standard","meta":{"footnotes":""},"categories":[16],"tags":[],"class_list":["post-42759","post","type-post","status-publish","format-standard","hentry","category-opiniones"],"_links":{"self":[{"href":"https:\/\/diariodominicano.com\/index.php?rest_route=\/wp\/v2\/posts\/42759","targetHints":{"allow":["GET"]}}],"collection":[{"href":"https:\/\/diariodominicano.com\/index.php?rest_route=\/wp\/v2\/posts"}],"about":[{"href":"https:\/\/diariodominicano.com\/index.php?rest_route=\/wp\/v2\/types\/post"}],"author":[{"embeddable":true,"href":"https:\/\/diariodominicano.com\/index.php?rest_route=\/wp\/v2\/users\/3"}],"replies":[{"embeddable":true,"href":"https:\/\/diariodominicano.com\/index.php?rest_route=%2Fwp%2Fv2%2Fcomments&post=42759"}],"version-history":[{"count":0,"href":"https:\/\/diariodominicano.com\/index.php?rest_route=\/wp\/v2\/posts\/42759\/revisions"}],"wp:attachment":[{"href":"https:\/\/diariodominicano.com\/index.php?rest_route=%2Fwp%2Fv2%2Fmedia&parent=42759"}],"wp:term":[{"taxonomy":"category","embeddable":true,"href":"https:\/\/diariodominicano.com\/index.php?rest_route=%2Fwp%2Fv2%2Fcategories&post=42759"},{"taxonomy":"post_tag","embeddable":true,"href":"https:\/\/diariodominicano.com\/index.php?rest_route=%2Fwp%2Fv2%2Ftags&post=42759"}],"curies":[{"name":"wp","href":"https:\/\/api.w.org\/{rel}","templated":true}]}}