{"id":427576,"date":"2023-03-27T22:21:50","date_gmt":"2023-03-28T02:21:50","guid":{"rendered":"http:\/\/diariodominicano.com\/?p=427576"},"modified":"2023-03-27T22:48:28","modified_gmt":"2023-03-28T02:48:28","slug":"el-mp-y-mip-inician-en-santiago-programa-de-capacitacion-lideres-mediadores-de-conflictos","status":"publish","type":"post","link":"https:\/\/diariodominicano.com\/?p=427576","title":{"rendered":"El MP y MIP inician en Santiago Programa de Capacitaci\u00f3n L\u00edderes Mediadores de Conflictos"},"content":{"rendered":"\n<p> La viceministra de Seguridad Preventiva en los Gobiernos Provinciales, \u00c1ngela J\u00e1quez, llam\u00f3 a estos l\u00edderes a dar continuidad a la labor que se desprende de este proceso formativo. <\/p>\n\n\n\n<figure class=\"wp-block-image size-full\"><img loading=\"lazy\" decoding=\"async\" width=\"1024\" height=\"576\" src=\"https:\/\/diariodominicano.com\/wp-content\/uploads\/2023\/03\/6786.jpeg\" alt=\"\" class=\"wp-image-427579\" srcset=\"https:\/\/diariodominicano.com\/wp-content\/uploads\/2023\/03\/6786.jpeg 1024w, https:\/\/diariodominicano.com\/wp-content\/uploads\/2023\/03\/6786-300x169.jpeg 300w, https:\/\/diariodominicano.com\/wp-content\/uploads\/2023\/03\/6786-768x432.jpeg 768w, https:\/\/diariodominicano.com\/wp-content\/uploads\/2023\/03\/6786-816x459.jpeg 816w\" sizes=\"auto, (max-width: 1024px) 100vw, 1024px\" \/><\/figure>\n\n\n\n<p>SANTO DOMINGO, Rep\u00fablica Dominicana.- El Ministerio P\u00fablico y el Ministerio de Interior y Polic\u00eda, en coordinaci\u00f3n con la Iglesia Cat\u00f3lica, dejaron iniciado el pasado viernes el programa de capacitaci\u00f3n \u201cRed de Lideres Mediadores Comunitarios por una Convivencia Pac\u00edfica para prevenir y reducir la criminalidad\u201d en la provincia Santiago.<\/p>\n\n\n\n<p>El programa, que fue puesto en marcha en el sal\u00f3n Juan Pablo Duarte de la Gobernaci\u00f3n Provincial de Santiago, tendr\u00e1 una duraci\u00f3n de dos meses, en los cuales ser\u00e1n formados 350 l\u00edderes comunitarios, entre ellos representantes de organizaciones comunitarias, agentes pastorales, de la sociedad civil, de organizaciones de servicio del municipio de Santiago y l\u00edderes juveniles en mediaci\u00f3n de conflictos.<\/p>\n\n\n\n<figure class=\"wp-block-image size-full\"><img loading=\"lazy\" decoding=\"async\" width=\"1024\" height=\"576\" src=\"https:\/\/diariodominicano.com\/wp-content\/uploads\/2023\/03\/8790.jpeg\" alt=\"\" class=\"wp-image-427581\" srcset=\"https:\/\/diariodominicano.com\/wp-content\/uploads\/2023\/03\/8790.jpeg 1024w, https:\/\/diariodominicano.com\/wp-content\/uploads\/2023\/03\/8790-300x169.jpeg 300w, https:\/\/diariodominicano.com\/wp-content\/uploads\/2023\/03\/8790-768x432.jpeg 768w, https:\/\/diariodominicano.com\/wp-content\/uploads\/2023\/03\/8790-816x459.jpeg 816w\" sizes=\"auto, (max-width: 1024px) 100vw, 1024px\" \/><\/figure>\n\n\n\n<p>\u201cLo que buscamos es que los l\u00edderes comunitarios puedan multiplicar los conocimientos adquiridos cada semana y as\u00ed tener un mayor impacto. Del mismo modo estos l\u00edderes se convertir\u00e1n en mediadores de conflictos para ayudar a resolver los conflictos menores que puedan presentarse en sus comunidades u organizaciones\u201d, sostuvo la procuradora de corte Sonia Espejo, coordinadora del programa que se enmarca dentro de la estrategia, \u201cMi Pa\u00eds Seguro\u201d, que implementa el Estado dominicano, a trav\u00e9s del MIP.<\/p>\n\n\n\n<figure class=\"wp-block-image size-full\"><img loading=\"lazy\" decoding=\"async\" width=\"1024\" height=\"576\" src=\"https:\/\/diariodominicano.com\/wp-content\/uploads\/2023\/03\/2234.jpeg\" alt=\"\" class=\"wp-image-427582\" srcset=\"https:\/\/diariodominicano.com\/wp-content\/uploads\/2023\/03\/2234.jpeg 1024w, https:\/\/diariodominicano.com\/wp-content\/uploads\/2023\/03\/2234-300x169.jpeg 300w, https:\/\/diariodominicano.com\/wp-content\/uploads\/2023\/03\/2234-768x432.jpeg 768w, https:\/\/diariodominicano.com\/wp-content\/uploads\/2023\/03\/2234-816x459.jpeg 816w\" sizes=\"auto, (max-width: 1024px) 100vw, 1024px\" \/><\/figure>\n\n\n\n<p>Por su parte el titular del MIP, Jes\u00fas V\u00e1squez Mart\u00ednez, reiter\u00f3 su compromiso con las acciones a realizar dentro de este programa de capacitaci\u00f3n, que busca fomentar la convivencia pac\u00edfica a trav\u00e9s de la mediaci\u00f3n de conflictos y la promoci\u00f3n de una cultura de paz, a su vez destac\u00f3 la importancia que posee la integraci\u00f3n de la comunidad para que la convivencia pac\u00edfica pueda seguir en incremento.<\/p>\n\n\n\n<p>En el acto, monse\u00f1or Carlos Tom\u00e1s Morel Dipl\u00e1n tuvo las palabras de bendici\u00f3n, seguidas de una motivaci\u00f3n a quienes se encuentran impulsando las acciones de esta capacitaci\u00f3n.<\/p>\n\n\n\n<p>La viceministra de Seguridad Preventiva en los Gobiernos Provinciales, \u00c1ngela J\u00e1quez, llam\u00f3 a estos l\u00edderes a dar continuidad a la labor que se desprende de este proceso formativo.<\/p>\n\n\n\n<p>Esta capacitaci\u00f3n ser\u00e1 impartida en talleres de tres horas cada semana, en temas de mediaci\u00f3n de conflictos, familia y valores, derechos humanos, acceso a la justicia, cultura de paz, entre otros.<\/p>\n\n\n\n<p>En el acto tambi\u00e9n estuvieron presentes Rosa Santos, gobernadora de Santiago; el director Regional Norte de la Polic\u00eda Nacional, general Samuel Azcona, Director Regional norte de la Polic\u00eda Nacional y Sor \u00cdngrid Pi\u00f1a y Mar\u00eda Vargas.<\/p>\n\n\n\n<p>Direcci\u00f3n General de Comunicaci\u00f3n, Prensa, y RRPP<\/p>\n\n\n\n<p>Ministerio P\u00fablico. R.D.<\/p>\n\n\n\n<p>Lunes, 27 de marzo de 2023.<\/p>\n","protected":false},"excerpt":{"rendered":"<p>La viceministra de Seguridad Preventiva en los Gobiernos Provinciales, \u00c1ngela J\u00e1quez, llam\u00f3 a estos l\u00edderes a dar continuidad a la labor que se desprende de este proceso formativo. SANTO DOMINGO, Rep\u00fablica Dominicana.- El Ministerio P\u00fablico y el Ministerio de Interior y Polic\u00eda, en coordinaci\u00f3n con la Iglesia Cat\u00f3lica, dejaron iniciado el pasado viernes el programa [&hellip;]<\/p>\n","protected":false},"author":28,"featured_media":427578,"comment_status":"closed","ping_status":"","sticky":true,"template":"","format":"standard","meta":{"footnotes":""},"categories":[36,24,29,27],"tags":[],"class_list":["post-427576","post","type-post","status-publish","format-standard","has-post-thumbnail","hentry","category-hombresmujeresycosas","category-justicia-y-derecho","category-policiasucesos","category-portada"],"_links":{"self":[{"href":"https:\/\/diariodominicano.com\/index.php?rest_route=\/wp\/v2\/posts\/427576","targetHints":{"allow":["GET"]}}],"collection":[{"href":"https:\/\/diariodominicano.com\/index.php?rest_route=\/wp\/v2\/posts"}],"about":[{"href":"https:\/\/diariodominicano.com\/index.php?rest_route=\/wp\/v2\/types\/post"}],"author":[{"embeddable":true,"href":"https:\/\/diariodominicano.com\/index.php?rest_route=\/wp\/v2\/users\/28"}],"replies":[{"embeddable":true,"href":"https:\/\/diariodominicano.com\/index.php?rest_route=%2Fwp%2Fv2%2Fcomments&post=427576"}],"version-history":[{"count":1,"href":"https:\/\/diariodominicano.com\/index.php?rest_route=\/wp\/v2\/posts\/427576\/revisions"}],"predecessor-version":[{"id":427584,"href":"https:\/\/diariodominicano.com\/index.php?rest_route=\/wp\/v2\/posts\/427576\/revisions\/427584"}],"wp:featuredmedia":[{"embeddable":true,"href":"https:\/\/diariodominicano.com\/index.php?rest_route=\/wp\/v2\/media\/427578"}],"wp:attachment":[{"href":"https:\/\/diariodominicano.com\/index.php?rest_route=%2Fwp%2Fv2%2Fmedia&parent=427576"}],"wp:term":[{"taxonomy":"category","embeddable":true,"href":"https:\/\/diariodominicano.com\/index.php?rest_route=%2Fwp%2Fv2%2Fcategories&post=427576"},{"taxonomy":"post_tag","embeddable":true,"href":"https:\/\/diariodominicano.com\/index.php?rest_route=%2Fwp%2Fv2%2Ftags&post=427576"}],"curies":[{"name":"wp","href":"https:\/\/api.w.org\/{rel}","templated":true}]}}