{"id":427490,"date":"2023-03-27T11:31:23","date_gmt":"2023-03-27T15:31:23","guid":{"rendered":"http:\/\/diariodominicano.com\/?p=427490"},"modified":"2023-03-27T11:31:59","modified_gmt":"2023-03-27T15:31:59","slug":"policia-nacional-apresa-6-personas-por-diferentes-delitos-en-la-region-cibao-central","status":"publish","type":"post","link":"https:\/\/diariodominicano.com\/?p=427490","title":{"rendered":"Polic\u00eda Nacional apresa 6 personas por diferentes delitos en la regi\u00f3n Cibao Central"},"content":{"rendered":"\n<p>Camioneta <\/p>\n\n\n\n<figure class=\"wp-block-image size-full\"><img loading=\"lazy\" decoding=\"async\" width=\"190\" height=\"246\" src=\"https:\/\/diariodominicano.com\/wp-content\/uploads\/2023\/03\/pistola-00.png\" alt=\"\" class=\"wp-image-427492\"\/><\/figure>\n\n\n\n<p>Pistola<\/p>\n\n\n\n<p>Ocupan efecto sustra\u00eddos, una matr\u00edcula falsa, una&nbsp;&nbsp;arma de fabricaci\u00f3n cacera y un veh\u00edculo.<\/p>\n\n\n\n<p><strong>Santiago, R.D., 27 de Marzo 2023<\/strong>.-En su fiel compromiso de fortalecer la seguridad ciudadana, miembro de la\u00a0\u00a0Polic\u00eda Preventiva apresaron seis personas por varios hechos delictivos durante el accionar desplegado en diversos sectores de la regi\u00f3n del Cibao Central, inform\u00f3 el lunes la Direcci\u00f3n Regional  Cibao Central, Polic\u00eda Nacional. <\/p>\n\n\n\n<p>Entre los apresados figuran, Robert Santiago L\u00f3pez Garc\u00eda (Pocho), 37 a\u00f1os de edad, Juan Carlos Rosa V\u00e1squez, 43 a\u00f1os de edad, por robo en casa habitada.<\/p>\n\n\n\n<p>En otro hecho fue apresado Luis Manuel Jim\u00e9nez P\u00e9rez (Luima), 29 a\u00f1os de edad, quien fue apresado mediante orden de arresto No. 01860-2023, por agredir f\u00edsicamente a su ex concubina.<\/p>\n\n\n\n<figure class=\"wp-block-image size-full\"><img loading=\"lazy\" decoding=\"async\" width=\"233\" height=\"209\" src=\"https:\/\/diariodominicano.com\/wp-content\/uploads\/2023\/03\/matricula.png\" alt=\"\" class=\"wp-image-427493\"\/><figcaption>Matr\u00edcula ocupada por la  PN<\/figcaption><\/figure>\n\n\n\n<p>Tambi\u00e9n resultaron detenidos, Jimmy A madis Valeriano y Fredery De Jes\u00fas Mart\u00ednez, en el Municipio Tamboril, tras ser sorprendidos con presunta matr\u00edcula falsa de una motocicleta, ya que al depurar dicha matricula en nuestro sistema, la misma no figura registrada.<\/p>\n\n\n\n<p>Yoelvis Antonio B\u00e1ez Aponte, 21 a\u00f1os de edad, fue apresado en el Municipio Tamboril, ocup\u00e1ndole una arma de fabricaci\u00f3n cacera, tipo chilena y una capsula cal. 9mm.<\/p>\n\n\n\n<p>Por \u00faltimo&nbsp;&nbsp;fue recuperado el veh\u00edculo marca Toyota, modelo Pick Up, color verde, placa No. L035153, el cual al ser depurado en nuestro centro de c\u00f3mputo figura con denuncia No. 215729, del d\u00eda 07-12-2009, por robo.<\/p>\n\n\n\n<p>En cuanto a los apresados y ocupado se encuentran en poder del Ministerio Publico para los fines de ley correspondiente.<\/p>\n\n\n\n<p>policia nacional<a target=\"_blank\" href=\"mailto:npolicia14@gmail.com\" rel=\"noreferrer noopener\">npolicia14@gmail.com<\/a><\/p>\n\n\n\n<p>OFICINA DE INFORMACI\u00d3N Y COMUNICACIONES ESTRAT\u00c9GICAS DIRECCI\u00d3N REGIONAL CIBAO CENTRAL DE LA POLIC\u00cdA NACIONAL<\/p>\n","protected":false},"excerpt":{"rendered":"<p>Camioneta Pistola Ocupan efecto sustra\u00eddos, una matr\u00edcula falsa, una&nbsp;&nbsp;arma de fabricaci\u00f3n cacera y un veh\u00edculo. Santiago, R.D., 27 de Marzo 2023.-En su fiel compromiso de fortalecer la seguridad ciudadana, miembro de la\u00a0\u00a0Polic\u00eda Preventiva apresaron seis personas por varios hechos delictivos durante el accionar desplegado en diversos sectores de la regi\u00f3n del Cibao Central, inform\u00f3 el [&hellip;]<\/p>\n","protected":false},"author":28,"featured_media":427491,"comment_status":"closed","ping_status":"","sticky":true,"template":"","format":"standard","meta":{"footnotes":""},"categories":[29,27],"tags":[],"class_list":["post-427490","post","type-post","status-publish","format-standard","has-post-thumbnail","hentry","category-policiasucesos","category-portada"],"_links":{"self":[{"href":"https:\/\/diariodominicano.com\/index.php?rest_route=\/wp\/v2\/posts\/427490","targetHints":{"allow":["GET"]}}],"collection":[{"href":"https:\/\/diariodominicano.com\/index.php?rest_route=\/wp\/v2\/posts"}],"about":[{"href":"https:\/\/diariodominicano.com\/index.php?rest_route=\/wp\/v2\/types\/post"}],"author":[{"embeddable":true,"href":"https:\/\/diariodominicano.com\/index.php?rest_route=\/wp\/v2\/users\/28"}],"replies":[{"embeddable":true,"href":"https:\/\/diariodominicano.com\/index.php?rest_route=%2Fwp%2Fv2%2Fcomments&post=427490"}],"version-history":[{"count":2,"href":"https:\/\/diariodominicano.com\/index.php?rest_route=\/wp\/v2\/posts\/427490\/revisions"}],"predecessor-version":[{"id":427495,"href":"https:\/\/diariodominicano.com\/index.php?rest_route=\/wp\/v2\/posts\/427490\/revisions\/427495"}],"wp:featuredmedia":[{"embeddable":true,"href":"https:\/\/diariodominicano.com\/index.php?rest_route=\/wp\/v2\/media\/427491"}],"wp:attachment":[{"href":"https:\/\/diariodominicano.com\/index.php?rest_route=%2Fwp%2Fv2%2Fmedia&parent=427490"}],"wp:term":[{"taxonomy":"category","embeddable":true,"href":"https:\/\/diariodominicano.com\/index.php?rest_route=%2Fwp%2Fv2%2Fcategories&post=427490"},{"taxonomy":"post_tag","embeddable":true,"href":"https:\/\/diariodominicano.com\/index.php?rest_route=%2Fwp%2Fv2%2Ftags&post=427490"}],"curies":[{"name":"wp","href":"https:\/\/api.w.org\/{rel}","templated":true}]}}