{"id":42748,"date":"2019-08-19T00:35:08","date_gmt":"2019-08-19T00:35:08","guid":{"rendered":"http:\/\/diariodominicano.ddns.net\/?p=42748"},"modified":"2019-08-19T00:35:08","modified_gmt":"2019-08-19T00:35:08","slug":"el-regreso-de-la-pena-de-muerte-federal-en-estados-unidos","status":"publish","type":"post","link":"https:\/\/diariodominicano.com\/?p=42748","title":{"rendered":"El regreso de la pena de muerte federal en Estados Unidos"},"content":{"rendered":"<p><body><\/p>\n<p><strong>Amy Goodman y Denis Moynihan<\/strong><\/p>\n<\/p>\n<p>El 25 de julio, en un inesperado anuncio, el fiscal general de Estados Unidos, William Barr, afirm\u00f3 que el gobierno federal iba a reanudar las ejecuciones, con cinco de ellas programadas para los pr\u00f3ximos meses. Esto anula una moratoria efectiva sobre la pena de muerte a nivel federal que ha durado m\u00e1s de 16 a\u00f1os. El fiscal general Barr dijo en su anuncio: \u00abEl castigo debe ser r\u00e1pido\u00bb. Apenas una semana despu\u00e9s, el presidente Donald Trump aprovech\u00f3 los asesinatos en masa en El Paso, Texas y Dayton, Ohio, para exigir no una prohibici\u00f3n de las armas de asalto, sino m\u00e1s ejecuciones: \u00abHoy tambi\u00e9n voy a ordenarle al Departamento de Justicia que proponga legislaci\u00f3n que asegure que aquellos que cometan cr\u00edmenes de odio y asesinatos en masa enfrenten la pena de muerte, y que este castigo sea aplicado de forma r\u00e1pida, decisiva y sin a\u00f1os de retraso innecesario\u00bb. \u00bfRetraso innecesario? Desde 1973, m\u00e1s de 160 personas injustamente condenadas han sido liberadas del pabell\u00f3n de la muerte.<\/p>\n<\/p>\n<p>De hecho, la pena de muerte est\u00e1 perdiendo popularidad en Estados Unidos a pasos agigantados. Veinti\u00fan estados y el Distrito de Columbia han prohibido las ejecuciones, mientras que otros cuatro estados tienen moratorias formales. En todo el mundo, 106 pa\u00edses han prohibido la pena de muerte y otros 28 tienen moratorias o no llevan a cabo las ejecuciones. El mandato de Trump para reinstaurar la pena de muerte es un tr\u00e1gico retroceso.<\/p>\n<\/p>\n<p>La hermana Helen Prejean, una reconocida activista contra la pena de muerte, declar\u00f3 en una entrevista para Democracy Now!: \u00abNo me sorprende lo que hizo William Barr ni que el gobierno de Trump quiera acelerar las ejecuciones federales. Es la \u00fanica forma que tienen de abordar las cosas: el camino de la violencia para tratar de resolver los problemas sociales. La pena de muerte a nivel de la administraci\u00f3n Federal no va a brindar m\u00e1s justicia igualitaria ante la ley que las penas de muerte a nivel de los estados. El pa\u00eds se inclina por eliminar la pena de muerte, primero en la pr\u00e1ctica y, gradualmente, estado por estado, derog\u00e1ndola. La forma en que la pena de muerte ha funcionado siempre a nivel federal dependi\u00f3 del criterio de cada fiscal. Entonces hemos visto que en Manhattan, en Nueva York, los fiscales federales nunca optaron por la pena de muerte, mientras que en Texas siempre lo han hecho. Y esto no ser\u00e1 diferente\u00bb. Helen Prejean es la monja cat\u00f3lica que alcanz\u00f3 la fama mundial en 1995 cuando su libro Dead Man Walking (publicado en espa\u00f1ol con el t\u00edtulo: Pena de Muerte) fue adaptado en una pel\u00edcula ganadora del Oscar protagonizada por Susan Sarandon y Sean Penn.<\/p>\n<\/p>\n<p>En su nueva autobiograf\u00eda, River of Fire (R\u00edo de fuego, en espa\u00f1ol), la hermana Prejean describe elocuentemente el camino que la llev\u00f3 de ser una joven monja pr\u00e1cticamente enclaustrada en Nueva Orleans en la d\u00e9cada de 1960 a convertirse en una de las activistas m\u00e1s reconocidas y eficientes del mundo contra la pena de muerte. En el nuevo libro, Prejean escribe: \u00abLuego de a\u00f1os de hablar con gente de todos los estados de esta naci\u00f3n, me di cuenta de que la mayor\u00eda de las personas nunca han reflexionado profundamente sobre la pena de muerte y que casi no tienen informaci\u00f3n sobre c\u00f3mo funciona&#8230;o sobre c\u00f3mo no funciona\u00bb.<\/p>\n<\/p>\n<p>La hermana Prejean es cofundadora de Survive, una organizaci\u00f3n que trabaja con familias de v\u00edctimas de asesinato. Bud Welch perdi\u00f3 a su hija Julie en el atentado de Oklahoma City en 1995, que tuvo un saldo de 168 v\u00edctimas fatales. Tiempo despu\u00e9s, Timothy McVeigh fue ejecutado por el crimen. Bud Welch expres\u00f3 en Democracy Now!: \u00abUno realmente no puede atravesar el proceso de sanaci\u00f3n cuando vive con venganza. Y eso es todo lo que representa la pena de muerte, venganza. No es un elemento disuasorio. No es, como dicen los medios, un cierre para los familiares\u00bb.<\/p>\n<\/p>\n<p>El Centro de Informaci\u00f3n sobre la Pena de Muerte presenta estad\u00edsticas claras y convincentes sobre las 2.500 personas que se encuentran actualmente bajo esta condena en Estados Unidos. Los principales factores que determinan si una persona recibe o no condena a pena de muerte son el lugar donde es juzgada, su nivel de pobreza y la raza de la v\u00edctima. Por ejemplo, m\u00e1s de la mitad de las condenas a muerte se dictan en solo el 2% de los condados estadounidenses. Del mismo modo, m\u00e1s del 75% de los casos involucran asesinatos donde la v\u00edctima era blanca. Seg\u00fan el Centro de Informaci\u00f3n sobre la Pena de Muerte, \u00aben Louisiana, las probabilidades de una sentencia de muerte eran 97% m\u00e1s altas para aquellos cuya v\u00edctima era blanca que para aquellos cuya v\u00edctima era negra. Los miembros del jurado en el estado de Washington tienen tres veces m\u00e1s probabilidades de recomendar una sentencia de muerte para un acusado negro que para un acusado blanco ante un caso similar\u00bb.<\/p>\n<\/p>\n<p>La pena de muerte no solo se administra de manera injusta y sesgada, sino que tambi\u00e9n es irreversible. La muerte es definitiva. Clifford Williams Jr. y Charles Ray Finch se convirtieron en los presos 165 y 166 del pabell\u00f3n de la muerte en ser exonerados. Cada uno de estos hombres afroestadounidenses inocentes pas\u00f3 m\u00e1s de 40 a\u00f1os condenado a muerte. Con el cronograma de ejecuci\u00f3n acelerada al que aspiran Trump y Barr, hubieran muerto hace mucho tiempo.<\/p>\n<\/p>\n<p>Helen Prejean afirm\u00f3 sobre la decisi\u00f3n de Trump y Barr: \u00abEllos tampoco parecen comprender c\u00f3mo funcionan los tribunales. Pueden afirmar todo lo que quieran que van a acelerar el proceso y acelerar estas ejecuciones, pero existen la Constituci\u00f3n y el sistema de apelaciones\u00bb. Si bien su enfoque sigue siendo la organizaci\u00f3n de base, tambi\u00e9n se\u00f1ala la importancia de los comprometidos abogados defensores en los casos de pena de muerte.<\/p>\n<\/p>\n<p>Uno de esos abogados es Bryan Stevenson, fundador de la organizaci\u00f3n Equal Justice Initiative en Montgomery, Alabama. El Museo del Legado y el memorial en conmemoraci\u00f3n de los linchamientos que la organizaci\u00f3n inaugur\u00f3 el a\u00f1o pasado son profundamente conmovedores; documentan 400 a\u00f1os de historia de los afroestadounidenses, comenzando con la esclavitud, pasando por la era de Jim Crow y llegando hasta la crisis actual de encarcelamiento masivo.<\/p>\n<\/p>\n<p>Stevenson expres\u00f3 en una entrevista para Democracy Now!: \u00abLa pena de muerte es hija del linchamiento\u00bb.<\/p>\n<\/p>\n<p>\u00a9 2019 Amy Goodman<\/p>\n<\/p>\n<p>Traducci\u00f3n al espa\u00f1ol del texto en ingl\u00e9s: In\u00e9s Coira. Edici\u00f3n: Mar\u00eda Eva Blotta y Democracy Now! en espa\u00f1ol, spanish@democracynow.org<\/p>\n<\/p>\n<p>Amy Goodman es la conductora de Democracy Now!, un noticiero internacional que se emite diariamente en m\u00e1s de 800 emisoras de radio y televisi\u00f3n en ingl\u00e9s y en m\u00e1s de 450 en espa\u00f1ol. Es co-autora del libro \u00abLos que luchan contra el sistema: H\u00e9roes ordinarios en tiempos extraordinarios en Estados Unidos\u00bb, editado por Le Monde Diplomatique Cono Sur.<\/p>\n<\/p>\n<p>The original content of this program is licensed under a Creative Commons Attribution-Noncommercial-No Derivative Works 3.0 United States License. Please attribute legal copies of this work to democracynow.org. Some of the work(s) that this program incorporates, however, may be separately licensed. For further information or additional permissions, contact us.<\/p>\n<h6> 2019-08-19 00:35:08 <\/h6>\n<p><!--\n<link rel=\"stylesheet\" href=\"css\/bootstrap.min.css\">\n\n\n<ul class=\"pagination\">\n\t    \n\t\n\n<li >\n\t<a href='?page_no=572'>Previous<\/a>\n\t<\/li>\n\n\n       \n    \n\n<li><a href='?page_no=1'>1<\/a><\/li>\n\n\n\n<li><a href='?page_no=2'>2<\/a><\/li>\n\n\n\n<li><a>...<\/a><\/li>\n\n\n\n<li><a href='?page_no=571'>571<\/a><\/li>\n\n\n\n<li><a href='?page_no=572'>572<\/a><\/li>\n\n\n\n<li class='active'><a>573<\/a><\/li>\n\n\n\n<li><a href='?page_no=574'>574<\/a><\/li>\n\n\n\n<li><a href='?page_no=575'>575<\/a><\/li>\n\n\n\n<li><a>...<\/a><\/li>\n\n\n\n<li><a href='?page_no=13611'>13611<\/a><\/li>\n\n\n\n<li><a href='?page_no=13612'>13612<\/a><\/li>\n\n    \n\t\n\n<li >\n\t<a href='?page_no=574'>Next<\/a>\n\t<\/li>\n\n\n    \n\n<li><a href='?page_no=13612'>Last &rsaquo;&rsaquo;<\/a><\/li>\n\n<\/ul>\n\n\n--><br \/>\n<\/body><\/p>\n","protected":false},"excerpt":{"rendered":"<p>Amy Goodman y Denis Moynihan El 25 de julio, en un inesperado anuncio, el fiscal general de Estados Unidos, William Barr, afirm\u00f3 que el gobierno federal iba a reanudar las ejecuciones, con cinco de ellas programadas para los pr\u00f3ximos meses. Esto anula una moratoria efectiva sobre la pena de muerte a nivel federal que ha [&hellip;]<\/p>\n","protected":false},"author":3,"featured_media":0,"comment_status":"open","ping_status":"open","sticky":false,"template":"","format":"standard","meta":{"footnotes":""},"categories":[16],"tags":[],"class_list":["post-42748","post","type-post","status-publish","format-standard","hentry","category-opiniones"],"_links":{"self":[{"href":"https:\/\/diariodominicano.com\/index.php?rest_route=\/wp\/v2\/posts\/42748","targetHints":{"allow":["GET"]}}],"collection":[{"href":"https:\/\/diariodominicano.com\/index.php?rest_route=\/wp\/v2\/posts"}],"about":[{"href":"https:\/\/diariodominicano.com\/index.php?rest_route=\/wp\/v2\/types\/post"}],"author":[{"embeddable":true,"href":"https:\/\/diariodominicano.com\/index.php?rest_route=\/wp\/v2\/users\/3"}],"replies":[{"embeddable":true,"href":"https:\/\/diariodominicano.com\/index.php?rest_route=%2Fwp%2Fv2%2Fcomments&post=42748"}],"version-history":[{"count":0,"href":"https:\/\/diariodominicano.com\/index.php?rest_route=\/wp\/v2\/posts\/42748\/revisions"}],"wp:attachment":[{"href":"https:\/\/diariodominicano.com\/index.php?rest_route=%2Fwp%2Fv2%2Fmedia&parent=42748"}],"wp:term":[{"taxonomy":"category","embeddable":true,"href":"https:\/\/diariodominicano.com\/index.php?rest_route=%2Fwp%2Fv2%2Fcategories&post=42748"},{"taxonomy":"post_tag","embeddable":true,"href":"https:\/\/diariodominicano.com\/index.php?rest_route=%2Fwp%2Fv2%2Ftags&post=42748"}],"curies":[{"name":"wp","href":"https:\/\/api.w.org\/{rel}","templated":true}]}}