{"id":427449,"date":"2023-03-27T10:20:49","date_gmt":"2023-03-27T14:20:49","guid":{"rendered":"http:\/\/diariodominicano.com\/?p=427449"},"modified":"2025-03-31T21:59:48","modified_gmt":"2025-04-01T01:59:48","slug":"informan-banco-identifico-persona-endoso-cheque-emitido-con-el-nombre-del-ex-diputado-rafael-mendez","status":"publish","type":"post","link":"https:\/\/diariodominicano.com\/?p=427449","title":{"rendered":"Informan banco identific\u00f3 persona endos\u00f3 cheque emitido con el nombre del ex diputado Rafael M\u00e9ndez"},"content":{"rendered":"\n<p>El ex diputado Rafael M\u00e9ndez<\/p>\n\n\n\n<p>NEYBA, Bahoruco: El ex diputado Rafael M\u00e9ndez aclar\u00f3 que no se trat\u00f3 de su persona a quien se le emiti\u00f3 un cheque con su misma identidad, ya que, en el endoso, el banco identific\u00f3 las generales de la persona que lleva su mismo nombre, pero con otra c\u00e9dula de identidad y electoral.<\/p>\n\n\n\n<p>&nbsp;M\u00e9ndez se refiere a un cheque por valor de 20 millones de pesos emitidos por la empresa GRUPO ASIMRA, S.R.L en cuyo concepto se indica que supuestamente estar\u00eda destinado a cubrir gastos de la campa\u00f1a electoral del entonces candidato presidencial del Partido de la Liberaci\u00f3n Dominicana (PLD), para los comicios del 2016, como parte de los documentos con los que la Procuradur\u00eda Especializada en Persecuci\u00f3n de la Corrupci\u00f3n Administrativa (PEPCA) avala el expediente del caso Medusa.<\/p>\n\n\n\n<p>\u201cPor recomendaci\u00f3n de familiares y amigos que se han preocupado por esa situaci\u00f3n, aun cuando est\u00e1bamos consciente de que no se trataba de mi persona, decidimos dejar claro p\u00fablicamente, que aun cuando participe en la campa\u00f1a del 2016, como candidato a diputado por el Partido de la Liberaci\u00f3n Dominicana, en la Provincia Bahoruco, jam\u00e1s pas\u00f3 por mis manos ese cheque de 20 millones\u201d, aclar\u00f3.<\/p>\n\n\n\n<p>Consider\u00f3 que aun cuando el caso est\u00e1 debidamente aclarado, entendi\u00f3 importante establecer que \u201cmi trayectoria como legislador durante 14 a\u00f1os, funcionario p\u00fablico, como l\u00edder social y gremial, as\u00ed como en el ejercicio profesional como periodista, entre otros responsabilidades p\u00fablicas y privadas, he mantenido una hoja de vida marcada por una conducta intachable, y a toda prueba\u201d.<\/p>\n\n\n\n<p>\u201cPero tambi\u00e9n por una impronta de conducta, de entrega y de trabajo que le consta a mi gente de la Provincia Bahoruco, y a quienes me acompa\u00f1aron siendo presidente del Colegio Dominicano de Periodista, y secretario general del Sindicato Nacional de Periodistas Profesionales y del Sindicato Nacional de Trabajadores de la Prensa\u201d, subray\u00f3.<\/p>\n\n\n\n<p>Lissy G\u00f3mez<a target=\"_blank\" href=\"mailto:lissymgomez1995@gmail.com\" rel=\"noreferrer noopener\">lissymgomez1995@gmail.com<\/a><\/p>\n","protected":false},"excerpt":{"rendered":"<p>El ex diputado Rafael M\u00e9ndez NEYBA, Bahoruco: El ex diputado Rafael M\u00e9ndez aclar\u00f3 que no se trat\u00f3 de su persona a quien se le emiti\u00f3 un cheque con su misma identidad, ya que, en el endoso, el banco identific\u00f3 las generales de la persona que lleva su mismo nombre, pero con otra c\u00e9dula de identidad [&hellip;]<\/p>\n","protected":false},"author":28,"featured_media":427450,"comment_status":"closed","ping_status":"closed","sticky":true,"template":"","format":"standard","meta":{"footnotes":""},"categories":[20,29,27],"tags":[178],"class_list":["post-427449","post","type-post","status-publish","format-standard","has-post-thumbnail","hentry","category-dominicana-hoy","category-policiasucesos","category-portada","tag-rafael-mendez"],"_links":{"self":[{"href":"https:\/\/diariodominicano.com\/index.php?rest_route=\/wp\/v2\/posts\/427449","targetHints":{"allow":["GET"]}}],"collection":[{"href":"https:\/\/diariodominicano.com\/index.php?rest_route=\/wp\/v2\/posts"}],"about":[{"href":"https:\/\/diariodominicano.com\/index.php?rest_route=\/wp\/v2\/types\/post"}],"author":[{"embeddable":true,"href":"https:\/\/diariodominicano.com\/index.php?rest_route=\/wp\/v2\/users\/28"}],"replies":[{"embeddable":true,"href":"https:\/\/diariodominicano.com\/index.php?rest_route=%2Fwp%2Fv2%2Fcomments&post=427449"}],"version-history":[{"count":1,"href":"https:\/\/diariodominicano.com\/index.php?rest_route=\/wp\/v2\/posts\/427449\/revisions"}],"predecessor-version":[{"id":427451,"href":"https:\/\/diariodominicano.com\/index.php?rest_route=\/wp\/v2\/posts\/427449\/revisions\/427451"}],"wp:featuredmedia":[{"embeddable":true,"href":"https:\/\/diariodominicano.com\/index.php?rest_route=\/wp\/v2\/media\/427450"}],"wp:attachment":[{"href":"https:\/\/diariodominicano.com\/index.php?rest_route=%2Fwp%2Fv2%2Fmedia&parent=427449"}],"wp:term":[{"taxonomy":"category","embeddable":true,"href":"https:\/\/diariodominicano.com\/index.php?rest_route=%2Fwp%2Fv2%2Fcategories&post=427449"},{"taxonomy":"post_tag","embeddable":true,"href":"https:\/\/diariodominicano.com\/index.php?rest_route=%2Fwp%2Fv2%2Ftags&post=427449"}],"curies":[{"name":"wp","href":"https:\/\/api.w.org\/{rel}","templated":true}]}}