{"id":42726,"date":"2019-08-20T11:19:30","date_gmt":"2019-08-20T11:19:30","guid":{"rendered":"http:\/\/diariodominicano.ddns.net\/?p=42726"},"modified":"2019-08-20T11:19:30","modified_gmt":"2019-08-20T11:19:30","slug":"con-la-guardia-baja","status":"publish","type":"post","link":"https:\/\/diariodominicano.com\/?p=42726","title":{"rendered":"&#13;CON LA GUARDIA BAJA"},"content":{"rendered":"<p><body><\/p>\n<p>EN PRIMERA FILA<\/p>\n<\/p>\n<p>CON LA GUARDIA BAJA<\/p>\n<p>Mario Rivadulla<\/p>\n<\/p>\n<p>\u00bfNo es el dengue una enfermedad end\u00e9mica que afecta al pa\u00eds donde en<\/p>\n<p>cada ocasi\u00f3n en que se ha registrado un brote somos el de la regi\u00f3n<\/p>\n<p>donde se registra mayor \u00edndice de mortalidad?<\/p>\n<p>Siendo as\u00ed, \u00bfno era de esperar que las autoridades de Salud P\u00fablica<\/p>\n<p>tuviesen elaborado y en reserva una estrategia adecuada de prevenci\u00f3n<\/p>\n<p>y tratamiento adecuado del dengue a fin de aplicarlo de inmediato que el<\/p>\n<p>brote hiciera su asomo y reducir al m\u00ednimo el riesgo de muerte de los<\/p>\n<p>pacientes?<\/p>\n<p>\u00bfC\u00f3mo al cabo de tantos a\u00f1os y brotes epid\u00e9micos todav\u00eda la inmensa<\/p>\n<p>mayor\u00eda de la ciudadan\u00eda se mantenga ignorante de cu\u00e1les son las<\/p>\n<p>medidas sanitarias que deben adoptarse para impedir que el dengue se<\/p>\n<p>extienda?<\/p>\n<p>Peor a\u00fan, \u00bfque una gran cantidad de m\u00e9dicos parezca carecer de los<\/p>\n<p>conocimientos requeridos para enfrentar la enfermedad e ignore el<\/p>\n<p>protocolo de tratamiento de la misma?<\/p>\n<p>Causa sorpresa y es de lamentar que ya con m\u00e1s de seis mil casos<\/p>\n<p>registrados y los pacientes, principalmente ni\u00f1os, desbordando las<\/p>\n<p>consultas de los hospitales p\u00fablicos sea apenas la pasada semana que el<\/p>\n<p>Ministro de Salud P\u00fablica anunciara en la prensa un plan de emergencia<\/p>\n<p>para orientar a los m\u00e9dicos de los hospitales de la regi\u00f3n sur donde se ha<\/p>\n<p>producido el mayor n\u00famero de casos, a fin de aplicar el protocolo<\/p>\n<p>recomendado para el manejo adecuado de la enfermedad. Siendo<\/p>\n<p>end\u00e9mica \u00bfno es de suponer que forme parte de sus conocimientos<\/p>\n<p>b\u00e1sicos?<\/p>\n<p>A\u00fan cuando la representante local de la Organizaci\u00f3n Panamericana de<\/p>\n<p>la Salud reconoce que las autoridades est\u00e1n adoptando las medidas de<\/p>\n<p>lugar para enfrentar el problema, lo cual no es de dudar lo est\u00e1<\/p>\n<\/p>\n<p>haciendo, sin embargo, de manera reactiva donde una vez m\u00e1s se deja<\/p>\n<p>notar la falta de prevenci\u00f3n.<\/p>\n<p>Siendo un problema de salud recurrente, lo cierto es que debiera<\/p>\n<p>encontrarnos debidamente preparados de antemano en cada ocasi\u00f3n<\/p>\n<p>para hacerle frente sobre todo en la capacitaci\u00f3n del personal m\u00e9dico<\/p>\n<p>para el manejo adecuado del dengue, y de suficiente conocimiento de la<\/p>\n<p>ciudadan\u00eda para adoptar las medidas de lugar que eviten la<\/p>\n<p>proliferaci\u00f3n del vector.<\/p>\n<p>Luce, por el contrario, como que siempre la aparici\u00f3n del dengue nos<\/p>\n<p>encuentra con la guardia baja. Que esperamos, como por lo general en<\/p>\n<p>todos los casos y circunstancias, a que el agua nos llegue al cuello para<\/p>\n<p>entonces reaccionar lanz\u00e1ndonos a una acelerada carrera en el in\u00fatil<\/p>\n<p>empe\u00f1o de tratar de recobrar el tiempo y espacio perdidos.<\/p>\n<p>Resulta preocupante, por otra parte, que todav\u00eda a estas alturas<\/p>\n<p>encontremos serias discrepancias entre las cifras de muertes por el<\/p>\n<p>dengue que registra Salud P\u00fablica, y las que ofrece, en cambio, el Colegio<\/p>\n<p>M\u00e9dico, lo que sugiere que al final asistiremos a una nueva repetici\u00f3n del<\/p>\n<p>espect\u00e1culo de inculpaciones entre ambos, achac\u00e1ndose mutuamente la<\/p>\n<p>responsabilidad por la cantidad de pacientes fallecidos.<\/p>\n<p>En definitiva, nuestra salud p\u00fablica sigue estancada en el mismo antiguo,<\/p>\n<p>obsoleto y mucho m\u00e1s costoso en vidas y recursos modelo de medicina<\/p>\n<p>curativa en vez de la preventiva, tal como aconseja tanto la probada<\/p>\n<p>experiencia como el m\u00e1s elemental sentido com\u00fan.<\/p>\n<p>Lamentable y penoso.<\/p>\n<h6> 2019-08-20 11:19:30 <\/h6>\n<p><!--\n<link rel=\"stylesheet\" href=\"css\/bootstrap.min.css\">\n\n\n<ul class=\"pagination\">\n\t    \n\t\n\n<li >\n\t<a href='?page_no=570'>Previous<\/a>\n\t<\/li>\n\n\n       \n    \n\n<li><a href='?page_no=1'>1<\/a><\/li>\n\n\n\n<li><a href='?page_no=2'>2<\/a><\/li>\n\n\n\n<li><a>...<\/a><\/li>\n\n\n\n<li><a href='?page_no=569'>569<\/a><\/li>\n\n\n\n<li><a href='?page_no=570'>570<\/a><\/li>\n\n\n\n<li class='active'><a>571<\/a><\/li>\n\n\n\n<li><a href='?page_no=572'>572<\/a><\/li>\n\n\n\n<li><a href='?page_no=573'>573<\/a><\/li>\n\n\n\n<li><a>...<\/a><\/li>\n\n\n\n<li><a href='?page_no=13611'>13611<\/a><\/li>\n\n\n\n<li><a href='?page_no=13612'>13612<\/a><\/li>\n\n    \n\t\n\n<li >\n\t<a href='?page_no=572'>Next<\/a>\n\t<\/li>\n\n\n    \n\n<li><a href='?page_no=13612'>Last &rsaquo;&rsaquo;<\/a><\/li>\n\n<\/ul>\n\n\n--><br \/>\n<\/body><\/p>\n","protected":false},"excerpt":{"rendered":"<p>EN PRIMERA FILA CON LA GUARDIA BAJA Mario Rivadulla \u00bfNo es el dengue una enfermedad end\u00e9mica que afecta al pa\u00eds donde en cada ocasi\u00f3n en que se ha registrado un brote somos el de la regi\u00f3n donde se registra mayor \u00edndice de mortalidad? Siendo as\u00ed, \u00bfno era de esperar que las autoridades de Salud P\u00fablica [&hellip;]<\/p>\n","protected":false},"author":3,"featured_media":0,"comment_status":"open","ping_status":"open","sticky":false,"template":"","format":"standard","meta":{"footnotes":""},"categories":[16],"tags":[],"class_list":["post-42726","post","type-post","status-publish","format-standard","hentry","category-opiniones"],"_links":{"self":[{"href":"https:\/\/diariodominicano.com\/index.php?rest_route=\/wp\/v2\/posts\/42726","targetHints":{"allow":["GET"]}}],"collection":[{"href":"https:\/\/diariodominicano.com\/index.php?rest_route=\/wp\/v2\/posts"}],"about":[{"href":"https:\/\/diariodominicano.com\/index.php?rest_route=\/wp\/v2\/types\/post"}],"author":[{"embeddable":true,"href":"https:\/\/diariodominicano.com\/index.php?rest_route=\/wp\/v2\/users\/3"}],"replies":[{"embeddable":true,"href":"https:\/\/diariodominicano.com\/index.php?rest_route=%2Fwp%2Fv2%2Fcomments&post=42726"}],"version-history":[{"count":0,"href":"https:\/\/diariodominicano.com\/index.php?rest_route=\/wp\/v2\/posts\/42726\/revisions"}],"wp:attachment":[{"href":"https:\/\/diariodominicano.com\/index.php?rest_route=%2Fwp%2Fv2%2Fmedia&parent=42726"}],"wp:term":[{"taxonomy":"category","embeddable":true,"href":"https:\/\/diariodominicano.com\/index.php?rest_route=%2Fwp%2Fv2%2Fcategories&post=42726"},{"taxonomy":"post_tag","embeddable":true,"href":"https:\/\/diariodominicano.com\/index.php?rest_route=%2Fwp%2Fv2%2Ftags&post=42726"}],"curies":[{"name":"wp","href":"https:\/\/api.w.org\/{rel}","templated":true}]}}