{"id":42715,"date":"2019-08-20T11:39:47","date_gmt":"2019-08-20T11:39:47","guid":{"rendered":"http:\/\/diariodominicano.ddns.net\/?p=42715"},"modified":"2019-08-20T11:39:47","modified_gmt":"2019-08-20T11:39:47","slug":"la-hoguera-de-los-dictadores","status":"publish","type":"post","link":"https:\/\/diariodominicano.com\/?p=42715","title":{"rendered":"&#13;La hoguera de los dictadores"},"content":{"rendered":"<p><body><\/p>\n<p>A Pleno Sol<\/p>\n<\/p>\n<p>La hoguera de los dictadores<\/p>\n<\/p>\n<p>Por Manuel Hern\u00e1ndez Villeta<\/p>\n<\/p>\n<\/p>\n<p>Trujillo, el dictador, visit\u00f3 el pa\u00eds entero a lomo de caballo. Dec\u00eda que sus mejores amigos eran los hombres de trabajo, del campo y de la ciudad. Le tocaba tratar de llegar al poder y mantenerlo en una sociedad netamente rural, en los primeros 30 a\u00f1os del siglo 20.<\/p>\n<\/p>\n<p>La religiosidad, la tradici\u00f3n, el apego a la tierra y el temor a las eternas montoneras, hicieron a esa gran masa irredenta creer los cantos fantasiosos del tejedor de ilusiones que fue Trujillo. Un producto de circunstancias hist\u00f3ricas, y de la intervenci\u00f3n militar norteamericana.<\/p>\n<\/p>\n<p>Trujillo vendi\u00f3 sus pelotas a los intervencionistas, acabando con los patriotas de la zona Este, que recib\u00edan el nombre de Gavilleros. Implacable con los enemigos, su triunfo se sintetizaba en la muerte inmediata de los vencidos.<\/p>\n<\/p>\n<p>Trujillo no cre\u00f3 las condiciones sociales en que naufragaba el pa\u00eds en el 1930. No fue un agente del destino, ni un salvador ca\u00eddo del cielo. El hombre es \u00e9l y sus circunstancias. Trujillo fue el prestidigitador que vendi\u00f3 esperanzas de paz, de orden y de tranquilidad, con algo de pan.<\/p>\n<\/p>\n<p>Acab\u00f3 con las montoneras, estableci\u00f3 la paz de los cementerios, trajo el pan y la estabilidad econ\u00f3mica. Trujillo y Balaguer fueron producto final de dos intervenciones norteamericanas, pero hay sus diferencias.<\/p>\n<\/p>\n<p>Trujillo no pasaba de ser un mozo de cuadra y  carnicero pol\u00edtico que por sinecuras y el miedo puso a sus pies a la m\u00e1xima intelectualidad dominicana. Se puede contar con los dedos de las manos al intelectual de su \u00e9poca que en un momento dado no colabor\u00f3 con la dictadura. Balaguer era m\u00e1s refinado, un hombre ilustrado, sobre las espaldas del cual est\u00e1 el rastro de la represi\u00f3n, los cr\u00edmenes y la violencia de los doce a\u00f1os.<\/p>\n<\/p>\n<p>Pero Trujillo y Balaguer contaron con el apoyo de la mayor\u00eda silente. Le respaldaron hasta el \u00faltimo  momento.  Lo desgraciado de nuestra historia es que no nos hemos podido librar del fantasma de Trujillo y la memoria de Joaqu\u00edn Balaguer es el eje conductor de la vida pol\u00edtica de hoy.<\/p>\n<\/p>\n<p>En camino a las pr\u00f3ximas elecciones el pa\u00eds debe meditar. Estamos en la primera encrucijada del siglo 21. No es una \u00e9poca de montar a caballo, sino de utilizar las redes y el internet. Es el campo de la mayor\u00eda silente. Escribiendo, hablando, pero sin dar la cara.<\/p>\n<\/p>\n<p>Para las venideras elecciones los dominicanos tienen que rebuscar en su conciencia al momento de votar. Cuando un ciudadano teme a los resultados de unas elecciones, es porque hay desidia colectiva. El d\u00eda de las votaciones es la \u00fanica fecha en que un dominicano tiene verdaderamente derecho a voz y voto.<\/p>\n<\/p>\n<p>No debe desperdiciar ese momento. No se debe dejar llevar de profetas ni de magos con sonrisas de pasta dental. La soluci\u00f3n de su hambre y su seguridad debe ser el motivo principal para iniciar la meditaci\u00f3n. Es dif\u00edcil porque el dominicano hoy vive una pesadilla, y se le hace dif\u00edcil despertar para emprender la marcha hacia la b\u00fasqueda de soluciones y de alcanzar la felicidad y el desarrollo. \u00a1Ay!, se me acab\u00f3 la tinta.<\/p>\n<\/p>\n<h6> 2019-08-20 11:39:47 <\/h6>\n<p><!--\n<link rel=\"stylesheet\" href=\"css\/bootstrap.min.css\">\n\n\n<ul class=\"pagination\">\n\t    \n\t\n\n<li >\n\t<a href='?page_no=569'>Previous<\/a>\n\t<\/li>\n\n\n       \n    \n\n<li><a href='?page_no=1'>1<\/a><\/li>\n\n\n\n<li><a href='?page_no=2'>2<\/a><\/li>\n\n\n\n<li><a>...<\/a><\/li>\n\n\n\n<li><a href='?page_no=568'>568<\/a><\/li>\n\n\n\n<li><a href='?page_no=569'>569<\/a><\/li>\n\n\n\n<li class='active'><a>570<\/a><\/li>\n\n\n\n<li><a href='?page_no=571'>571<\/a><\/li>\n\n\n\n<li><a href='?page_no=572'>572<\/a><\/li>\n\n\n\n<li><a>...<\/a><\/li>\n\n\n\n<li><a href='?page_no=13611'>13611<\/a><\/li>\n\n\n\n<li><a href='?page_no=13612'>13612<\/a><\/li>\n\n    \n\t\n\n<li >\n\t<a href='?page_no=571'>Next<\/a>\n\t<\/li>\n\n\n    \n\n<li><a href='?page_no=13612'>Last &rsaquo;&rsaquo;<\/a><\/li>\n\n<\/ul>\n\n\n--><br \/>\n<\/body><\/p>\n","protected":false},"excerpt":{"rendered":"<p>A Pleno Sol La hoguera de los dictadores Por Manuel Hern\u00e1ndez Villeta Trujillo, el dictador, visit\u00f3 el pa\u00eds entero a lomo de caballo. Dec\u00eda que sus mejores amigos eran los hombres de trabajo, del campo y de la ciudad. Le tocaba tratar de llegar al poder y mantenerlo en una sociedad netamente rural, en los [&hellip;]<\/p>\n","protected":false},"author":3,"featured_media":0,"comment_status":"open","ping_status":"open","sticky":false,"template":"","format":"standard","meta":{"footnotes":""},"categories":[16],"tags":[],"class_list":["post-42715","post","type-post","status-publish","format-standard","hentry","category-opiniones"],"_links":{"self":[{"href":"https:\/\/diariodominicano.com\/index.php?rest_route=\/wp\/v2\/posts\/42715","targetHints":{"allow":["GET"]}}],"collection":[{"href":"https:\/\/diariodominicano.com\/index.php?rest_route=\/wp\/v2\/posts"}],"about":[{"href":"https:\/\/diariodominicano.com\/index.php?rest_route=\/wp\/v2\/types\/post"}],"author":[{"embeddable":true,"href":"https:\/\/diariodominicano.com\/index.php?rest_route=\/wp\/v2\/users\/3"}],"replies":[{"embeddable":true,"href":"https:\/\/diariodominicano.com\/index.php?rest_route=%2Fwp%2Fv2%2Fcomments&post=42715"}],"version-history":[{"count":0,"href":"https:\/\/diariodominicano.com\/index.php?rest_route=\/wp\/v2\/posts\/42715\/revisions"}],"wp:attachment":[{"href":"https:\/\/diariodominicano.com\/index.php?rest_route=%2Fwp%2Fv2%2Fmedia&parent=42715"}],"wp:term":[{"taxonomy":"category","embeddable":true,"href":"https:\/\/diariodominicano.com\/index.php?rest_route=%2Fwp%2Fv2%2Fcategories&post=42715"},{"taxonomy":"post_tag","embeddable":true,"href":"https:\/\/diariodominicano.com\/index.php?rest_route=%2Fwp%2Fv2%2Ftags&post=42715"}],"curies":[{"name":"wp","href":"https:\/\/api.w.org\/{rel}","templated":true}]}}