{"id":427039,"date":"2023-03-25T18:06:15","date_gmt":"2023-03-25T22:06:15","guid":{"rendered":"http:\/\/diariodominicano.com\/?p=427039"},"modified":"2023-03-25T18:07:33","modified_gmt":"2023-03-25T22:07:33","slug":"dgspc-y-dicrim-buscan-a-tres-privados-de-libertad-se-fugaron-del-ccr-la-romana","status":"publish","type":"post","link":"https:\/\/diariodominicano.com\/?p=427039","title":{"rendered":"DGSPC y DICRIM buscan a tres privados de libertad se fugaron del CCR La Romana"},"content":{"rendered":"\n<p>El Palacio de Justicia de La Romana.<\/p>\n\n\n\n<p><strong>SANTO DOMINGO (Rep\u00fablica Dominicana).-<\/strong>&nbsp;La Direcci\u00f3n General de Servicios Penitenciarios y Correccionales (DGSPC) inform\u00f3 este s\u00e1bado que las autoridades penitenciarias y los organismos de seguridad e investigaci\u00f3n de la Polic\u00eda Nacional est\u00e1n tras el rastro de tres privados de libertad, evadidos del Centro de Correcci\u00f3n y Rehabilitaci\u00f3n de Cucama, La Romana.<\/p>\n\n\n\n<p>Tras la fuga de Robert Alexis \u00c1vila, Jes\u00fas Alc\u00e1ntara y Pa\u00fal Gervasio, condenados por fraude, robo, violaci\u00f3n, homicidio y porte ilegal de armas de fuego, la subdirecci\u00f3n de seguridad de la DGSPC emiti\u00f3 una alerta a todos los recintos penitenciarios del pa\u00eds.<\/p>\n\n\n\n<p>La DGSPC inform\u00f3, adem\u00e1s, que el proceso de visitas a los privados de libertad no se ver\u00e1 alterado por la circunstancia, por el cual motiva a los familiares a mantener en su agenda el encuentro de fin de semana con los internos.<\/p>\n\n\n\n<p>Comunicaciones PGR<a target=\"_blank\" href=\"mailto:comunicaciones@pgr.gob.do\" rel=\"noreferrer noopener\">comunicaciones@pgr.gob.do<\/a><\/p>\n\n\n\n<p><strong>Direcci\u00f3n General de Comunicaci\u00f3n, Prensa, y RRPP<\/strong><\/p>\n\n\n\n<p>Ministerio P\u00fablico.&nbsp;R.D.<\/p>\n\n\n\n<p>S\u00e1bado, 25 de marzo de 2023<\/p>\n","protected":false},"excerpt":{"rendered":"<p>El Palacio de Justicia de La Romana. SANTO DOMINGO (Rep\u00fablica Dominicana).-&nbsp;La Direcci\u00f3n General de Servicios Penitenciarios y Correccionales (DGSPC) inform\u00f3 este s\u00e1bado que las autoridades penitenciarias y los organismos de seguridad e investigaci\u00f3n de la Polic\u00eda Nacional est\u00e1n tras el rastro de tres privados de libertad, evadidos del Centro de Correcci\u00f3n y Rehabilitaci\u00f3n de Cucama, [&hellip;]<\/p>\n","protected":false},"author":28,"featured_media":344836,"comment_status":"closed","ping_status":"","sticky":false,"template":"","format":"standard","meta":{"footnotes":""},"categories":[24,29,27],"tags":[],"class_list":["post-427039","post","type-post","status-publish","format-standard","has-post-thumbnail","hentry","category-justicia-y-derecho","category-policiasucesos","category-portada"],"_links":{"self":[{"href":"https:\/\/diariodominicano.com\/index.php?rest_route=\/wp\/v2\/posts\/427039","targetHints":{"allow":["GET"]}}],"collection":[{"href":"https:\/\/diariodominicano.com\/index.php?rest_route=\/wp\/v2\/posts"}],"about":[{"href":"https:\/\/diariodominicano.com\/index.php?rest_route=\/wp\/v2\/types\/post"}],"author":[{"embeddable":true,"href":"https:\/\/diariodominicano.com\/index.php?rest_route=\/wp\/v2\/users\/28"}],"replies":[{"embeddable":true,"href":"https:\/\/diariodominicano.com\/index.php?rest_route=%2Fwp%2Fv2%2Fcomments&post=427039"}],"version-history":[{"count":2,"href":"https:\/\/diariodominicano.com\/index.php?rest_route=\/wp\/v2\/posts\/427039\/revisions"}],"predecessor-version":[{"id":427041,"href":"https:\/\/diariodominicano.com\/index.php?rest_route=\/wp\/v2\/posts\/427039\/revisions\/427041"}],"wp:featuredmedia":[{"embeddable":true,"href":"https:\/\/diariodominicano.com\/index.php?rest_route=\/wp\/v2\/media\/344836"}],"wp:attachment":[{"href":"https:\/\/diariodominicano.com\/index.php?rest_route=%2Fwp%2Fv2%2Fmedia&parent=427039"}],"wp:term":[{"taxonomy":"category","embeddable":true,"href":"https:\/\/diariodominicano.com\/index.php?rest_route=%2Fwp%2Fv2%2Fcategories&post=427039"},{"taxonomy":"post_tag","embeddable":true,"href":"https:\/\/diariodominicano.com\/index.php?rest_route=%2Fwp%2Fv2%2Ftags&post=427039"}],"curies":[{"name":"wp","href":"https:\/\/api.w.org\/{rel}","templated":true}]}}