{"id":426867,"date":"2023-03-24T22:50:11","date_gmt":"2023-03-25T02:50:11","guid":{"rendered":"http:\/\/diariodominicano.com\/?p=426867"},"modified":"2023-03-24T22:53:20","modified_gmt":"2023-03-25T02:53:20","slug":"dispersan-protesta-pacifica-frente-a-la-cancilleria","status":"publish","type":"post","link":"https:\/\/diariodominicano.com\/?p=426867","title":{"rendered":"Dispersan protesta frente a la canciller\u00eda. PLD: el pa\u00eds dirigido por un gobierno de autoridades intolerantes"},"content":{"rendered":"\n<p><\/p>\n\n\n\n<p>El pa\u00eds est\u00e1 siendo dirigido por un gobierno de autoridades intolerantes, que no soportan las cr\u00edticas y las&nbsp;&nbsp;expresiones de protestas<\/p>\n\n\n\n<p>El Partido de la Liberaci\u00f3n Dominicana (PLD)&nbsp;&nbsp;conden\u00f3 esta tarde la dispersi\u00f3n de una manifestaci\u00f3n pac\u00edfica de ciudadanos en las afueras del Ministerio de Relaciones Exteriores en donde tiene lugar la reuni\u00f3n de los Jefes de Estado y de Gobierno en la&nbsp;&nbsp;Cumbre Iberoamericana.<\/p>\n\n\n\n<p>Los protestantes de forma pac\u00edfica y con pancartas a mano,&nbsp; se quejaron del alto costo de la vida, del desempleo, la inseguridad ciudadana, por la democracia y en contra de la judicializaci\u00f3n de la pol\u00edtica.<\/p>\n\n\n\n<p>Mientras se desarrollaba la protesta de forma silente lleg\u00f3 un contingente policial y sin mediar palabras,&nbsp;&nbsp;la emprendieron a bombazos y macanazos que origin\u00f3 que varios de los manifestantes resultaran heridos, otros con abrasiones y hematomas&nbsp;&nbsp;y tambi\u00e9n&nbsp;&nbsp;afectados por efectos de los gases lacrim\u00f3genos.<\/p>\n\n\n\n<p>\u201cA bombazos y empujones fue dispersada la manifestaci\u00f3n&nbsp;&nbsp;c\u00edvica ciudadana contra el alto costo de la vida, realizada frente a la sede de canciller\u00eda\u201d, se quej\u00f3 uno de los participantes al calificar de intolerante al Gobierno del PRM y del Presidente Luis Abinader.<\/p>\n\n\n\n<p>\u201cEl pa\u00eds est\u00e1 siendo dirigido por un gobierno de autoridades intolerantes, que no soportan las cr\u00edticas y expresiones de protestas, amparadas en las leyes, la Constituci\u00f3n y la Declaraci\u00f3n de los Derechos Humanos\u201d, dice el Partido de la Liberaci\u00f3n Dominicana en un despacho de la Secretar\u00eda de Comunicaciones.<\/p>\n\n\n\n<p>Ciudadanos y ciudadanas acudieron con pancartas a la parte exterior de la edificaci\u00f3n que aloja canciller\u00eda, muy distante donde se encontraba la reuni\u00f3n de los jefes de Estado y aun as\u00ed, fueron dispersados brutalmente, denunci\u00f3 uno de los quejosos mostrando su pierna herida.&nbsp;&nbsp;<\/p>\n\n\n\n<p><strong>SECRETARIA DE COMUNICACIONES<\/strong><\/p>\n\n\n\n<p><strong>24 MARZO 2023<\/strong><\/p>\n","protected":false},"excerpt":{"rendered":"<p>El pa\u00eds est\u00e1 siendo dirigido por un gobierno de autoridades intolerantes, que no soportan las cr\u00edticas y las&nbsp;&nbsp;expresiones de protestas El Partido de la Liberaci\u00f3n Dominicana (PLD)&nbsp;&nbsp;conden\u00f3 esta tarde la dispersi\u00f3n de una manifestaci\u00f3n pac\u00edfica de ciudadanos en las afueras del Ministerio de Relaciones Exteriores en donde tiene lugar la reuni\u00f3n de los Jefes de [&hellip;]<\/p>\n","protected":false},"author":28,"featured_media":426868,"comment_status":"closed","ping_status":"","sticky":true,"template":"","format":"standard","meta":{"footnotes":""},"categories":[20,29,27],"tags":[],"class_list":["post-426867","post","type-post","status-publish","format-standard","has-post-thumbnail","hentry","category-dominicana-hoy","category-policiasucesos","category-portada"],"_links":{"self":[{"href":"https:\/\/diariodominicano.com\/index.php?rest_route=\/wp\/v2\/posts\/426867","targetHints":{"allow":["GET"]}}],"collection":[{"href":"https:\/\/diariodominicano.com\/index.php?rest_route=\/wp\/v2\/posts"}],"about":[{"href":"https:\/\/diariodominicano.com\/index.php?rest_route=\/wp\/v2\/types\/post"}],"author":[{"embeddable":true,"href":"https:\/\/diariodominicano.com\/index.php?rest_route=\/wp\/v2\/users\/28"}],"replies":[{"embeddable":true,"href":"https:\/\/diariodominicano.com\/index.php?rest_route=%2Fwp%2Fv2%2Fcomments&post=426867"}],"version-history":[{"count":4,"href":"https:\/\/diariodominicano.com\/index.php?rest_route=\/wp\/v2\/posts\/426867\/revisions"}],"predecessor-version":[{"id":426872,"href":"https:\/\/diariodominicano.com\/index.php?rest_route=\/wp\/v2\/posts\/426867\/revisions\/426872"}],"wp:featuredmedia":[{"embeddable":true,"href":"https:\/\/diariodominicano.com\/index.php?rest_route=\/wp\/v2\/media\/426868"}],"wp:attachment":[{"href":"https:\/\/diariodominicano.com\/index.php?rest_route=%2Fwp%2Fv2%2Fmedia&parent=426867"}],"wp:term":[{"taxonomy":"category","embeddable":true,"href":"https:\/\/diariodominicano.com\/index.php?rest_route=%2Fwp%2Fv2%2Fcategories&post=426867"},{"taxonomy":"post_tag","embeddable":true,"href":"https:\/\/diariodominicano.com\/index.php?rest_route=%2Fwp%2Fv2%2Ftags&post=426867"}],"curies":[{"name":"wp","href":"https:\/\/api.w.org\/{rel}","templated":true}]}}