{"id":426728,"date":"2023-03-24T13:22:05","date_gmt":"2023-03-24T17:22:05","guid":{"rendered":"http:\/\/diariodominicano.com\/?p=426728"},"modified":"2023-03-24T13:22:05","modified_gmt":"2023-03-24T17:22:05","slug":"familiares-piden-justicia-por-la-muerte-de-odry-ayleen-en-san-cristobal-hacen-llamado-al-alcalde-del-municipio-de-bajos-de-haina","status":"publish","type":"post","link":"https:\/\/diariodominicano.com\/?p=426728","title":{"rendered":"Familiares piden justicia por la muerte de Odry Ayleen en San Crist\u00f3bal. Hacen llamado al alcalde del municipio de Bajos de Haina"},"content":{"rendered":"\n<p> Archivo:  La  ni\u00f1a Odry Ayleen Arias D\u00edaz <\/p>\n\n\n\n<p><strong>San Crist\u00f3bal, RD. &#8211;<\/strong>\u00a0Familiares de la ni\u00f1a Odry Ayleen Arias D\u00edaz, quien muri\u00f3 atropellada por el conductor de un veh\u00edculo en el municipio de Haina, provincia de San Crist\u00f3bal, exigen justicia, luego de que un tribunal dejara en libertad al implicado mediante garant\u00eda econ\u00f3mica.<\/p>\n\n\n\n<p>El hecho ocurri\u00f3, explicaron los familiares, el pasado mes de febrero cuando Odry Ayleen Arias D\u00edaz, de tan solo siete a\u00f1os de edad, compart\u00eda con su familia en un&nbsp;<strong>espacio privado<\/strong>&nbsp;<strong>en la parte frontal de su casa<\/strong>&nbsp;y el conductor a bordo de una \u201cToyota Rav4\u201d subi\u00f3 la acera y termin\u00f3 embistiendo a la peque\u00f1a, derribando con el cuerpo de \u00e9sta de por medio, una pared debajo de la cual quedaron los restos de la infanta.<\/p>\n\n\n\n<p><strong>Benevolencia de la justicia con el acusado<\/strong><\/p>\n\n\n\n<p>La familia ve con sospecha lo benevolente que fue el tribunal con el conductor, que seg\u00fan se\u00f1alan, tuvo como abogado a un regidor del Partido Revolucionario Moderno, (PRM).<\/p>\n\n\n\n<p>De acuerdo con el testimonio de la familia, el veh\u00edculo involucrado sal\u00eda de un centro automotriz que tiene varios meses operando en la zona pese a las quejas de que pone en peligro a los ni\u00f1os de un colegio que por cerca de 20 a\u00f1os funciona justo en frente del referido taller.<\/p>\n\n\n\n<p>\u201cExigimos a la justicia remover ese taller del frente del colegio para evitar que otros padres pasen por la p\u00e9rdida irreparable por la que estamos pasando\u201d, suplic\u00f3 la madre de la infanta fenecida.<\/p>\n\n\n\n<p><strong>Hacen llamado al alcalde del municipio de Bajos de Haina, Osvaldo Rodr\u00edguez<\/strong><\/p>\n\n\n\n<p>\u201cLes hacemos un llamado al alcalde del municipio de Bajos de Haina, Osvaldo Rodr\u00edguez para que nos ayude en este dif\u00edcil momento, as\u00ed como al ministro de educaci\u00f3n \u00c1ngel Fern\u00e1ndez para que \u201cel poder pol\u00edtico\u201d y los recursos econ\u00f3micos no se imponga por encima de la seguridad de los ni\u00f1os y su educaci\u00f3n\u201d, expresaron los familiares de la peque\u00f1a Odry.<\/p>\n\n\n\n<p>\u201cNos sentimos hu\u00e9rfanos de la justicia, por m\u00e1s llamado que hemos hecho ninguna de las autoridades han actuados\u201d, reafirm\u00f3 la madre de la infanta.<\/p>\n\n\n\n<p>Su madre guarda como valioso tesoro todas las pertenencias de la que fue su mejor amiga, la ni\u00f1a que cada d\u00eda dedicaba una carta a su progenitora.<\/p>\n\n\n\n<p>Alerdys D\u00edaz<a target=\"_blank\" href=\"mailto:alerdys24@gmail.com\" rel=\"noreferrer noopener\">alerdys24@gmail.com<\/a><\/p>\n","protected":false},"excerpt":{"rendered":"<p>Archivo: La ni\u00f1a Odry Ayleen Arias D\u00edaz San Crist\u00f3bal, RD. &#8211;\u00a0Familiares de la ni\u00f1a Odry Ayleen Arias D\u00edaz, quien muri\u00f3 atropellada por el conductor de un veh\u00edculo en el municipio de Haina, provincia de San Crist\u00f3bal, exigen justicia, luego de que un tribunal dejara en libertad al implicado mediante garant\u00eda econ\u00f3mica. El hecho ocurri\u00f3, explicaron [&hellip;]<\/p>\n","protected":false},"author":28,"featured_media":426729,"comment_status":"closed","ping_status":"","sticky":true,"template":"","format":"standard","meta":{"footnotes":""},"categories":[20,24,29,27],"tags":[],"class_list":["post-426728","post","type-post","status-publish","format-standard","has-post-thumbnail","hentry","category-dominicana-hoy","category-justicia-y-derecho","category-policiasucesos","category-portada"],"_links":{"self":[{"href":"https:\/\/diariodominicano.com\/index.php?rest_route=\/wp\/v2\/posts\/426728","targetHints":{"allow":["GET"]}}],"collection":[{"href":"https:\/\/diariodominicano.com\/index.php?rest_route=\/wp\/v2\/posts"}],"about":[{"href":"https:\/\/diariodominicano.com\/index.php?rest_route=\/wp\/v2\/types\/post"}],"author":[{"embeddable":true,"href":"https:\/\/diariodominicano.com\/index.php?rest_route=\/wp\/v2\/users\/28"}],"replies":[{"embeddable":true,"href":"https:\/\/diariodominicano.com\/index.php?rest_route=%2Fwp%2Fv2%2Fcomments&post=426728"}],"version-history":[{"count":1,"href":"https:\/\/diariodominicano.com\/index.php?rest_route=\/wp\/v2\/posts\/426728\/revisions"}],"predecessor-version":[{"id":426730,"href":"https:\/\/diariodominicano.com\/index.php?rest_route=\/wp\/v2\/posts\/426728\/revisions\/426730"}],"wp:featuredmedia":[{"embeddable":true,"href":"https:\/\/diariodominicano.com\/index.php?rest_route=\/wp\/v2\/media\/426729"}],"wp:attachment":[{"href":"https:\/\/diariodominicano.com\/index.php?rest_route=%2Fwp%2Fv2%2Fmedia&parent=426728"}],"wp:term":[{"taxonomy":"category","embeddable":true,"href":"https:\/\/diariodominicano.com\/index.php?rest_route=%2Fwp%2Fv2%2Fcategories&post=426728"},{"taxonomy":"post_tag","embeddable":true,"href":"https:\/\/diariodominicano.com\/index.php?rest_route=%2Fwp%2Fv2%2Ftags&post=426728"}],"curies":[{"name":"wp","href":"https:\/\/api.w.org\/{rel}","templated":true}]}}