{"id":426673,"date":"2023-03-24T11:46:24","date_gmt":"2023-03-24T15:46:24","guid":{"rendered":"http:\/\/diariodominicano.com\/?p=426673"},"modified":"2023-03-24T11:46:24","modified_gmt":"2023-03-24T15:46:24","slug":"policia-nacional-apresa-tres-personas-por-posesion-de-drogas-en-santiago","status":"publish","type":"post","link":"https:\/\/diariodominicano.com\/?p=426673","title":{"rendered":"Polic\u00eda Nacional apresa tres personas por posesi\u00f3n de drogas en Santiago"},"content":{"rendered":"\n<p>diariodominicano.com<\/p>\n\n\n\n<p><strong>Santiago, R.D., 24 de Marzo 2023.-<\/strong>\u00a0La Polic\u00eda Nacional inform\u00f3 hoy que en intervenciones focalizadas realizadas en diferentes sectores de Santiago, en las \u00faltimas 24 horas,\u00a0\u00a0apres\u00f3 y envi\u00f3 a la acci\u00f3n de la justicia a tres\u00a0\u00a0personas, luego de ocuparles m\u00e1s de 60 porciones de diferentes tipos de droga.<\/p>\n\n\n\n<p>Entre los detenidos figuran el nacional haitiano, identificado solo como La Sombra Negra y V\u00edctor Carlos Batista Guzm\u00e1n, ambos mayores de edad, quienes al momento de la intervenci\u00f3n policial&nbsp;&nbsp;se encontraban, en el sector La Tablita, de la secci\u00f3n Ingenio Abajo, distrito municipal Santiago Oeste, donde supuestamente opera un punto de venta de sustancias controladas.<\/p>\n\n\n\n<p>Al segundo&nbsp;&nbsp;de los prevenidos&nbsp;&nbsp;se le ocuparon 50&nbsp;&nbsp;porciones de un vegetal verde que se presume es marihuana envueltas en recortes de fundas pl\u00e1sticas.<\/p>\n\n\n\n<p>Mientras que a \u201cLa Sombra Negra\u00bb se le ocup\u00f3 20 porciones de un material rocoso, presumiblemente crack, una&nbsp;&nbsp;balanza y una radio de comunicaci\u00f3n.<\/p>\n\n\n\n<p>En el sector Mari L\u00f3pez, fue detenido Juan Carlos Ortiz, ocup\u00e1ndole 11 porciones de presunta marihuana, un celular y&nbsp;&nbsp;400 pesos en efectivo.<\/p>\n\n\n\n<p>Los detenidos y lo ocupado se encuentran en poder del Ministerio P\u00fablico para los fines procedentes.<\/p>\n\n\n\n<p>Fuente:  <strong>SUBDIRECCION DE COMUNICACIONES ESTRATEGICAS DE LA POLICIA NACIONAL, DIRECCI\u00d3N REGIONAL CIBAO CENTRAL.<\/strong><\/p>\n","protected":false},"excerpt":{"rendered":"<p>diariodominicano.com Santiago, R.D., 24 de Marzo 2023.-\u00a0La Polic\u00eda Nacional inform\u00f3 hoy que en intervenciones focalizadas realizadas en diferentes sectores de Santiago, en las \u00faltimas 24 horas,\u00a0\u00a0apres\u00f3 y envi\u00f3 a la acci\u00f3n de la justicia a tres\u00a0\u00a0personas, luego de ocuparles m\u00e1s de 60 porciones de diferentes tipos de droga. Entre los detenidos figuran el nacional haitiano, [&hellip;]<\/p>\n","protected":false},"author":5,"featured_media":426674,"comment_status":"closed","ping_status":"","sticky":true,"template":"","format":"standard","meta":{"footnotes":""},"categories":[29,27],"tags":[],"class_list":["post-426673","post","type-post","status-publish","format-standard","has-post-thumbnail","hentry","category-policiasucesos","category-portada"],"_links":{"self":[{"href":"https:\/\/diariodominicano.com\/index.php?rest_route=\/wp\/v2\/posts\/426673","targetHints":{"allow":["GET"]}}],"collection":[{"href":"https:\/\/diariodominicano.com\/index.php?rest_route=\/wp\/v2\/posts"}],"about":[{"href":"https:\/\/diariodominicano.com\/index.php?rest_route=\/wp\/v2\/types\/post"}],"author":[{"embeddable":true,"href":"https:\/\/diariodominicano.com\/index.php?rest_route=\/wp\/v2\/users\/5"}],"replies":[{"embeddable":true,"href":"https:\/\/diariodominicano.com\/index.php?rest_route=%2Fwp%2Fv2%2Fcomments&post=426673"}],"version-history":[{"count":1,"href":"https:\/\/diariodominicano.com\/index.php?rest_route=\/wp\/v2\/posts\/426673\/revisions"}],"predecessor-version":[{"id":426675,"href":"https:\/\/diariodominicano.com\/index.php?rest_route=\/wp\/v2\/posts\/426673\/revisions\/426675"}],"wp:featuredmedia":[{"embeddable":true,"href":"https:\/\/diariodominicano.com\/index.php?rest_route=\/wp\/v2\/media\/426674"}],"wp:attachment":[{"href":"https:\/\/diariodominicano.com\/index.php?rest_route=%2Fwp%2Fv2%2Fmedia&parent=426673"}],"wp:term":[{"taxonomy":"category","embeddable":true,"href":"https:\/\/diariodominicano.com\/index.php?rest_route=%2Fwp%2Fv2%2Fcategories&post=426673"},{"taxonomy":"post_tag","embeddable":true,"href":"https:\/\/diariodominicano.com\/index.php?rest_route=%2Fwp%2Fv2%2Ftags&post=426673"}],"curies":[{"name":"wp","href":"https:\/\/api.w.org\/{rel}","templated":true}]}}