{"id":426439,"date":"2023-03-23T12:16:16","date_gmt":"2023-03-23T16:16:16","guid":{"rendered":"http:\/\/diariodominicano.com\/?p=426439"},"modified":"2023-03-23T12:16:16","modified_gmt":"2023-03-23T16:16:16","slug":"fiscalia-de-monte-plata-obtiene-10-anos-de-prision-contra-hombre-que-violo-a-una-adolescente","status":"publish","type":"post","link":"https:\/\/diariodominicano.com\/?p=426439","title":{"rendered":"Fiscal\u00eda de Monte Plata obtiene 10 a\u00f1os de prisi\u00f3n contra hombre que viol\u00f3 a una adolescente"},"content":{"rendered":"\n<p>diariodominicano.com<\/p>\n\n\n\n<p>Monte Plata, R. D.,  23 de marzo, 2023.- Un hombre acusado por el Ministerio P\u00fablico de violar sexualmente a una adolescente que participaba en una fiesta de cumplea\u00f1os el 16 de agosto del a\u00f1o 2020, fue condenado por el Tribunal Colegiado de esta provincia a 10 a\u00f1os de prisi\u00f3n.  Aneudi Payero Heredia (Aneurys Palleros Heredia, Yimy o Yenny) fue declarado culpable de violar a la menor de edad cuando la v\u00edctima participaba en la celebraci\u00f3n junto a varios familiares y amigos.<\/p>\n\n\n\n<p>El expediente acusatorio destaca que el hecho ocurri\u00f3 luego de que la v\u00edctima fuera llevada a un lugar apartado, en el kil\u00f3metro 5 de la carretera Monte Plata-Bayaguana.<\/p>\n\n\n\n<p>Se\u00f1ala que el procesado cometi\u00f3 la violaci\u00f3n sexual hace dos a\u00f1os, cuando la joven, cuyo nombre se omite para preservar su identidad, ten\u00eda 16 a\u00f1os de edad.<\/p>\n\n\n\n<p>En el proceso fueron aportadas distintas pruebas testimoniales, periciales y documentales, incluyendo diferentes certificados m\u00e9dicos sobre evaluaciones a la v\u00edctima, que fueron obtenidas durante la investigaci\u00f3n, luego de la denuncia recibida a trav\u00e9s de la Unidad de Atenci\u00f3n a la Violencia de G\u00e9nero, Intrafamiliar y Delitos Sexuales de esta localidad.<\/p>\n\n\n\n<p>La acusaci\u00f3n presentada por la fiscal \u00c9rica Heredia Leyba en sustituci\u00f3n de la fiscal Zaida Rogelia V\u00e1squez Sandoval, fue acogida por los jueces Hilda Nieves S\u00e1nchez Luna (presidenta), Isa\u00edas Ronaldo Mart\u00ednez P\u00e9rez y Johanna Giselle Reyes Moquete, del Tribunal Colegiado de Monte Plata, quienes emitieron la sentencia condenatoria y ordenaron su cumplimiento en el centro de correcci\u00f3n y rehabilitaci\u00f3n de esta provincia.&nbsp;<\/p>\n\n\n\n<p>Payero Heredia fue hallado culpable de violar las disposiciones contenidas en los art\u00edculos 330 y 331 del C\u00f3digo Penal Dominicano, y el art\u00edculo 396, Letra C, del C\u00f3digo para la Protecci\u00f3n y los Derechos Fundamentales de los Ni\u00f1os, Ni\u00f1as y Adolescentes.<\/p>\n\n\n\n<p>Fuente:  Direcci\u00f3n General de Comunicaci\u00f3n, Prensa, y RRPP<\/p>\n\n\n\n<p>Ministerio P\u00fablico.&nbsp;R.D.<\/p>\n\n\n\n<p>Jueves, 23 de marzo de 2023<\/p>\n","protected":false},"excerpt":{"rendered":"<p>diariodominicano.com Monte Plata, R. D., 23 de marzo, 2023.- Un hombre acusado por el Ministerio P\u00fablico de violar sexualmente a una adolescente que participaba en una fiesta de cumplea\u00f1os el 16 de agosto del a\u00f1o 2020, fue condenado por el Tribunal Colegiado de esta provincia a 10 a\u00f1os de prisi\u00f3n. Aneudi Payero Heredia (Aneurys Palleros [&hellip;]<\/p>\n","protected":false},"author":5,"featured_media":367901,"comment_status":"closed","ping_status":"","sticky":true,"template":"","format":"standard","meta":{"footnotes":""},"categories":[29,27],"tags":[],"class_list":["post-426439","post","type-post","status-publish","format-standard","has-post-thumbnail","hentry","category-policiasucesos","category-portada"],"_links":{"self":[{"href":"https:\/\/diariodominicano.com\/index.php?rest_route=\/wp\/v2\/posts\/426439","targetHints":{"allow":["GET"]}}],"collection":[{"href":"https:\/\/diariodominicano.com\/index.php?rest_route=\/wp\/v2\/posts"}],"about":[{"href":"https:\/\/diariodominicano.com\/index.php?rest_route=\/wp\/v2\/types\/post"}],"author":[{"embeddable":true,"href":"https:\/\/diariodominicano.com\/index.php?rest_route=\/wp\/v2\/users\/5"}],"replies":[{"embeddable":true,"href":"https:\/\/diariodominicano.com\/index.php?rest_route=%2Fwp%2Fv2%2Fcomments&post=426439"}],"version-history":[{"count":1,"href":"https:\/\/diariodominicano.com\/index.php?rest_route=\/wp\/v2\/posts\/426439\/revisions"}],"predecessor-version":[{"id":426440,"href":"https:\/\/diariodominicano.com\/index.php?rest_route=\/wp\/v2\/posts\/426439\/revisions\/426440"}],"wp:featuredmedia":[{"embeddable":true,"href":"https:\/\/diariodominicano.com\/index.php?rest_route=\/wp\/v2\/media\/367901"}],"wp:attachment":[{"href":"https:\/\/diariodominicano.com\/index.php?rest_route=%2Fwp%2Fv2%2Fmedia&parent=426439"}],"wp:term":[{"taxonomy":"category","embeddable":true,"href":"https:\/\/diariodominicano.com\/index.php?rest_route=%2Fwp%2Fv2%2Fcategories&post=426439"},{"taxonomy":"post_tag","embeddable":true,"href":"https:\/\/diariodominicano.com\/index.php?rest_route=%2Fwp%2Fv2%2Ftags&post=426439"}],"curies":[{"name":"wp","href":"https:\/\/api.w.org\/{rel}","templated":true}]}}