{"id":42637,"date":"2019-08-26T01:48:17","date_gmt":"2019-08-26T01:48:17","guid":{"rendered":"http:\/\/diariodominicano.ddns.net\/?p=42637"},"modified":"2019-08-26T01:48:17","modified_gmt":"2019-08-26T01:48:17","slug":"que-tantos-votaran-en-las-primarias","status":"publish","type":"post","link":"https:\/\/diariodominicano.com\/?p=42637","title":{"rendered":"\u00a1QU\u00c9 TANTOS VOTAR\u00c1N EN&#13; LAS PRIMARIAS!"},"content":{"rendered":"<p><body><\/p>\n<p><strong>Diariodominicano.com<\/strong><\/p>\n<\/p>\n<p><strong>FRANKLIN ALMEYDA RANCIER<\/strong><\/p>\n<\/p>\n<p>El porcentaje de participaci\u00f3n del electorado, en las primarias a celebrarse el 6 de octubre, ser\u00e1 una fiesta de la democracia. La encuesta ordenada por CDN y realizada por New Link, el 16 de agosto, con una muestra telef\u00f3nica de 11 mil consultados, arroja un 56.8% de concurrentes a votar.<\/p>\n<\/p>\n<p>Significa una participaci\u00f3n de 4 millones, 203 mil, 200 sufragantes. Esa encuesta revela que el 51% votar\u00eda por el PLD; es decir, 2 millones, 563 mil 952. En cambio, por el PRM el 38%; es decir, 1 mill\u00f3n 597 mil 216.<\/p>\n<\/p>\n<p>El porcentaje de participaci\u00f3n crece seg\u00fan la edad, desde los 24-34 a\u00f1os a 57.3% y los 35-44 a 61%, de los 45-54 a 62.6%. Es evidente que para los centennials reviste de menor importancia que para los milennias.<\/p>\n<\/p>\n<p>La encuestadora Mercanalis CPI, realiz\u00f3 una encuesta con 1,224 muestras, de +\/- 2.8% a un nivel de confianza de 95%, para agosto. <\/p>\n<\/p>\n<p>Sus resultados arrojan 67% Leonel Fern\u00e1ndez y 11% Gonzalo Castillo. A dirigentes del PLD, con tradici\u00f3n pol\u00edtica, fueron llevados a un cerco que limit\u00f3 sus crecimientos. Esta investigaci\u00f3n cuantitativa coloca a Andr\u00e9s Navarro, con un 3.2% de las preferencias, Francisco Dom\u00ednguez Brito con un 2.3%, el presidente del Senado y Secretario General, Reinaldo Pared, un 1.6% de las preferencias, Manuel Crespo y Radham\u00e9s Segura, 0.4% cada uno; 0.3% Maritza Hern\u00e1ndez empatada con Carlos Amarante, y m\u00e1s abajo del sotano Tem\u00edstocles Mont\u00e1s alcanz\u00f3 un 0.2%.<\/p>\n<\/p>\n<p>Entre todos suman 8.7%, llamados a ser reducidos ante la polarizaci\u00f3n de un candidato apoyado por la fuerza del pueblo y otro forzado por el autoritarismo desde el gobierno, lo que le sumar\u00eda una proporci\u00f3n a los porcentajes necesarios a Leonel Fern\u00e1ndez para sobrepasar el 70%.<\/p>\n<\/p>\n<p>Lo interesante es que los millennialls marcar\u00e1n la diferencia y ellos han identificado al Dr. Leonel Fern\u00e1ndez como la expresi\u00f3n de una causa nacional de revalorizaci\u00f3n de la democracia y la convivencia civilizada, esperanza de progreso y de probada conf\u00edabilidad. Se trata de una figura con perfil de Estado debidamente comprobado.<\/p>\n<\/p>\n<p>Su alcance sobrepasa los l\u00edmites partidarios y por su reciente lucha por hacer valer la Constituci\u00f3n y ser garante de ella, se ha constituido en s\u00edmbolo electoral para una diversidad social y pol\u00edtica de amplio margen.<\/p>\n<\/p>\n<p>Definitivamente las primarias a celebrarse el 6 de octubre, constituye un evento sin referentes en Am\u00e9rica Latina. De esas primarias saldr\u00e1n dos candidatos, uno de ellos del PLD, organizaci\u00f3n con un posicionamiento de un 51.3% de los electores, contra un 33.6% que se inclina por el PRM.<\/p>\n<\/p>\n<p>Se dice que el PRD podr\u00eda favorecer al candidato opuesto al Dr. Fern\u00e1ndez, pero su aporte ser\u00eda tan insignificante, por ser de un 3. 1%; eso si fuere que todos sus simpatizantes accedieran a votar por mandato de la c\u00fapula de esa organizci\u00f3n. <\/p>\n<\/p>\n<p>Los intentos con intenciones de cerrarle el paso al Dr. Fern\u00e1ndez, est\u00e1n llamados a sucumbir, porque le protege su aura, para que el pueblo dominicano lo desagravie ante su entereza demostrada y capacidad de relacionarse con madurez y respeto, a\u00fan ante quienes amargaron sus propios corazones buscando ofenderlo<\/p>\n<\/p>\n<p>El proceso conduce a decantar perturbaciones y a colocar en la c\u00fapula de la pir\u00e1mide de social, los ejes de transparencia, ejercicio de derechos y consolidaci\u00f3n del tejido social del pa\u00eds.<\/p>\n<\/p>\n<p><strong>El autor es miembro del CP del PLD, ex Ministro de Interior y ex Rector de la UASD.<\/strong><\/p>\n<p><strong> <\/strong><\/p>\n<\/p>\n<\/p>\n<h6> 2019-08-26 01:48:17 <\/h6>\n<p><!--\n<link rel=\"stylesheet\" href=\"css\/bootstrap.min.css\">\n\n\n<ul class=\"pagination\">\n\t    \n\t\n\n<li >\n\t<a href='?page_no=562'>Previous<\/a>\n\t<\/li>\n\n\n       \n    \n\n<li><a href='?page_no=1'>1<\/a><\/li>\n\n\n\n<li><a href='?page_no=2'>2<\/a><\/li>\n\n\n\n<li><a>...<\/a><\/li>\n\n\n\n<li><a href='?page_no=561'>561<\/a><\/li>\n\n\n\n<li><a href='?page_no=562'>562<\/a><\/li>\n\n\n\n<li class='active'><a>563<\/a><\/li>\n\n\n\n<li><a href='?page_no=564'>564<\/a><\/li>\n\n\n\n<li><a href='?page_no=565'>565<\/a><\/li>\n\n\n\n<li><a>...<\/a><\/li>\n\n\n\n<li><a href='?page_no=13611'>13611<\/a><\/li>\n\n\n\n<li><a href='?page_no=13612'>13612<\/a><\/li>\n\n    \n\t\n\n<li >\n\t<a href='?page_no=564'>Next<\/a>\n\t<\/li>\n\n\n    \n\n<li><a href='?page_no=13612'>Last &rsaquo;&rsaquo;<\/a><\/li>\n\n<\/ul>\n\n\n--><br \/>\n<\/body><\/p>\n","protected":false},"excerpt":{"rendered":"<p>Diariodominicano.com FRANKLIN ALMEYDA RANCIER El porcentaje de participaci\u00f3n del electorado, en las primarias a celebrarse el 6 de octubre, ser\u00e1 una fiesta de la democracia. La encuesta ordenada por CDN y realizada por New Link, el 16 de agosto, con una muestra telef\u00f3nica de 11 mil consultados, arroja un 56.8% de concurrentes a votar. Significa [&hellip;]<\/p>\n","protected":false},"author":3,"featured_media":0,"comment_status":"open","ping_status":"open","sticky":false,"template":"","format":"standard","meta":{"footnotes":""},"categories":[16],"tags":[],"class_list":["post-42637","post","type-post","status-publish","format-standard","hentry","category-opiniones"],"_links":{"self":[{"href":"https:\/\/diariodominicano.com\/index.php?rest_route=\/wp\/v2\/posts\/42637","targetHints":{"allow":["GET"]}}],"collection":[{"href":"https:\/\/diariodominicano.com\/index.php?rest_route=\/wp\/v2\/posts"}],"about":[{"href":"https:\/\/diariodominicano.com\/index.php?rest_route=\/wp\/v2\/types\/post"}],"author":[{"embeddable":true,"href":"https:\/\/diariodominicano.com\/index.php?rest_route=\/wp\/v2\/users\/3"}],"replies":[{"embeddable":true,"href":"https:\/\/diariodominicano.com\/index.php?rest_route=%2Fwp%2Fv2%2Fcomments&post=42637"}],"version-history":[{"count":0,"href":"https:\/\/diariodominicano.com\/index.php?rest_route=\/wp\/v2\/posts\/42637\/revisions"}],"wp:attachment":[{"href":"https:\/\/diariodominicano.com\/index.php?rest_route=%2Fwp%2Fv2%2Fmedia&parent=42637"}],"wp:term":[{"taxonomy":"category","embeddable":true,"href":"https:\/\/diariodominicano.com\/index.php?rest_route=%2Fwp%2Fv2%2Fcategories&post=42637"},{"taxonomy":"post_tag","embeddable":true,"href":"https:\/\/diariodominicano.com\/index.php?rest_route=%2Fwp%2Fv2%2Ftags&post=42637"}],"curies":[{"name":"wp","href":"https:\/\/api.w.org\/{rel}","templated":true}]}}