{"id":42626,"date":"2019-08-27T00:14:36","date_gmt":"2019-08-27T00:14:36","guid":{"rendered":"http:\/\/diariodominicano.ddns.net\/?p=42626"},"modified":"2019-08-27T00:14:36","modified_gmt":"2019-08-27T00:14:36","slug":"a-pleno-solel-calor-de-las-primarias","status":"publish","type":"post","link":"https:\/\/diariodominicano.com\/?p=42626","title":{"rendered":"&#13;A Pleno Sol&#13;&#13;El Calor de las primarias"},"content":{"rendered":"<p><body><\/p>\n<p><strong> Diariodominicano.com<\/strong><\/p>\n<\/p>\n<p><strong>Por Manuel Hern\u00e1ndez Villeta<\/strong><\/p>\n<\/p>\n<\/p>\n<p>Las pre-candidaturas de todos los partidos pol\u00edticos, va arrinconando la tranquilidad de  los ciudadanos. Todos los d\u00edas hay manifestaciones en lugares bajo techo y al aire libre, y una amplia gama de entrevistados en programas de radio y televisi\u00f3n.<\/p>\n<\/p>\n<p>Lo que se impone es que haya mayor responsabilidad en la c\u00fapula de los partidos pol\u00edticos, y garantizar que se lleven a cabo precandidaturas hacia las primarias, que no sean rechazadas por los sectores populares.<\/p>\n<\/p>\n<p>Hay mucha actividad partidista, pero sin presentar  notas claras ni programas de acci\u00f3n. Muchos aspiran a alcaldes, regidores, senadores y diputados, pero sin presentar programas de trabajo ni decir a lo claro cu\u00e1les son sus intenciones para con la comunidad.<\/p>\n<\/p>\n<p>Siempre el sentir de los caudillos se va a imponer cuando se trata de formar una boleta electoral. No hay verdadera independencia, ni se toman en cuenta esfuerzos individuales  que no est\u00e9n marcados por las tendencias.<\/p>\n<\/p>\n<p>Como paso en el pasado, los partidos vuelven a ser secundarios y lo m\u00e1s fuerte son los grupos  o tendencias. Ya se rompi\u00f3 la tradici\u00f3n de los frentes de masas, para todo integrarlo hacia las acciones grupales. Ah\u00ed desaparece la democracia interna, para dar paso al super dedo que se\u00f1ala a los ganadores.<\/p>\n<\/p>\n<p>Nunca las primarias de los partidos pol\u00edticos han tenido una amplia sinton\u00eda  con la gran masa de los dominicanos. Se le ve como el ejercicio para los caudillos imponer a su favorito. No ha cambiado la situaci\u00f3n, aunque ahora hay particularidades que se deben tomar en cuenta.  En el Partido  Revolucionario Mayoritario  no hay caudillo tronante, y la lucha est\u00e1 entre dos pesos pesados, sin arbitro y sin descanso. Hip\u00f3lito Mej\u00eda va a su \u00faltimo combate, mientras que Luis Abinader  no se puede dar el lujo de perder estas primarias.<\/p>\n<\/p>\n<p>Las encuestas  aqu\u00ed juegan un papel d\u00e9bil, porque ninguno de  los dos precandidatos dar\u00e1 un paso atr\u00e1s. Sin embargo, es dif\u00edcil pensar en divisi\u00f3n en el PRM, y aunque sea a rega\u00f1adientes todos tendr\u00e1n que aceptar al que salga ganador.<\/p>\n<\/p>\n<p>En el Partido de la Liberaci\u00f3n Dominicana, Leonel Fern\u00e1ndez  se enfrenta a los precandidatos seguidores de Danilo Medina. Ser\u00e1 una lucha entre Leonel y Danilo. El PLD ser\u00e1 sepultado, dividido, o se le preparar\u00e1 para una nueva victoria. El correr de las semanas podr\u00eda aclarar este panorama.<\/p>\n<\/p>\n<p>Danilo no puede confiar en encuestas para seleccionar a un grupo donde nadie se destaca, ni consigue respaldo popular. Me parece que al final \u00e9l va a seleccionar de acuerdo a su criterio, y no por las estad\u00edsticas. La falta de popularidad de sus candidatos, obliga ahora mismo a una acci\u00f3n de fuerzas, impacto y sobrevivencia. Si no se ondea la vela  r\u00e1pido la nave har\u00e1 aguas. \u00a1Ay!, se me acab\u00f3 la tinta.<\/p>\n<\/p>\n<\/p>\n<h6> 2019-08-27 00:14:36 <\/h6>\n<p><!--\n<link rel=\"stylesheet\" href=\"css\/bootstrap.min.css\">\n\n\n<ul class=\"pagination\">\n\t    \n\t\n\n<li >\n\t<a href='?page_no=561'>Previous<\/a>\n\t<\/li>\n\n\n       \n    \n\n<li><a href='?page_no=1'>1<\/a><\/li>\n\n\n\n<li><a href='?page_no=2'>2<\/a><\/li>\n\n\n\n<li><a>...<\/a><\/li>\n\n\n\n<li><a href='?page_no=560'>560<\/a><\/li>\n\n\n\n<li><a href='?page_no=561'>561<\/a><\/li>\n\n\n\n<li class='active'><a>562<\/a><\/li>\n\n\n\n<li><a href='?page_no=563'>563<\/a><\/li>\n\n\n\n<li><a href='?page_no=564'>564<\/a><\/li>\n\n\n\n<li><a>...<\/a><\/li>\n\n\n\n<li><a href='?page_no=13611'>13611<\/a><\/li>\n\n\n\n<li><a href='?page_no=13612'>13612<\/a><\/li>\n\n    \n\t\n\n<li >\n\t<a href='?page_no=563'>Next<\/a>\n\t<\/li>\n\n\n    \n\n<li><a href='?page_no=13612'>Last &rsaquo;&rsaquo;<\/a><\/li>\n\n<\/ul>\n\n\n--><br \/>\n<\/body><\/p>\n","protected":false},"excerpt":{"rendered":"<p>Diariodominicano.com Por Manuel Hern\u00e1ndez Villeta Las pre-candidaturas de todos los partidos pol\u00edticos, va arrinconando la tranquilidad de los ciudadanos. Todos los d\u00edas hay manifestaciones en lugares bajo techo y al aire libre, y una amplia gama de entrevistados en programas de radio y televisi\u00f3n. Lo que se impone es que haya mayor responsabilidad en la [&hellip;]<\/p>\n","protected":false},"author":3,"featured_media":0,"comment_status":"open","ping_status":"open","sticky":false,"template":"","format":"standard","meta":{"footnotes":""},"categories":[16],"tags":[],"class_list":["post-42626","post","type-post","status-publish","format-standard","hentry","category-opiniones"],"_links":{"self":[{"href":"https:\/\/diariodominicano.com\/index.php?rest_route=\/wp\/v2\/posts\/42626","targetHints":{"allow":["GET"]}}],"collection":[{"href":"https:\/\/diariodominicano.com\/index.php?rest_route=\/wp\/v2\/posts"}],"about":[{"href":"https:\/\/diariodominicano.com\/index.php?rest_route=\/wp\/v2\/types\/post"}],"author":[{"embeddable":true,"href":"https:\/\/diariodominicano.com\/index.php?rest_route=\/wp\/v2\/users\/3"}],"replies":[{"embeddable":true,"href":"https:\/\/diariodominicano.com\/index.php?rest_route=%2Fwp%2Fv2%2Fcomments&post=42626"}],"version-history":[{"count":0,"href":"https:\/\/diariodominicano.com\/index.php?rest_route=\/wp\/v2\/posts\/42626\/revisions"}],"wp:attachment":[{"href":"https:\/\/diariodominicano.com\/index.php?rest_route=%2Fwp%2Fv2%2Fmedia&parent=42626"}],"wp:term":[{"taxonomy":"category","embeddable":true,"href":"https:\/\/diariodominicano.com\/index.php?rest_route=%2Fwp%2Fv2%2Fcategories&post=42626"},{"taxonomy":"post_tag","embeddable":true,"href":"https:\/\/diariodominicano.com\/index.php?rest_route=%2Fwp%2Fv2%2Ftags&post=42626"}],"curies":[{"name":"wp","href":"https:\/\/api.w.org\/{rel}","templated":true}]}}