{"id":42615,"date":"2019-08-28T01:06:30","date_gmt":"2019-08-28T01:06:30","guid":{"rendered":"http:\/\/diariodominicano.ddns.net\/?p=42615"},"modified":"2019-08-28T01:06:30","modified_gmt":"2019-08-28T01:06:30","slug":"a-pleno-soliglesia-y-marginalidad","status":"publish","type":"post","link":"https:\/\/diariodominicano.com\/?p=42615","title":{"rendered":"&#13;&#13;A Pleno Sol&#13;&#13;Iglesia y marginalidad"},"content":{"rendered":"<p><body><\/p>\n<p><strong>Por Manuel Hern\u00e1ndez Villeta<\/strong><\/p>\n<\/p>\n<\/p>\n<p>La Iglesia Cat\u00f3lica ha ca\u00eddo en un letargo  luego de su activismo de la Semana Santa. Una pena, porque da la impresi\u00f3n de que  se habla y se escribe, pero que no se est\u00e1 en pie y raz\u00f3n de llevar el predicamento a la praxis.<\/p>\n<\/p>\n<p>La iglesia no puede ser solo oratoria. Los ensotanados de hoy tienen que tener sensibilidad social y saber que hay  que luchar por reivindicaciones sociales. Una cosa es ser activista pol\u00edtico, y otra defensor de los derechos humanos y sobre todo del derecho a la vida.<\/p>\n<\/p>\n<p>Rechazo que la Iglesia se meta a partidista. Que sus cabezas impulsen que se vaya de rodillas a un caudillo demagogo. No, esa medida ser\u00eda negativa y pondr\u00eda  una muralla entre los religiosos y el pueblo.<\/p>\n<\/p>\n<p>No hay disparidad ni contradicciones entre un religioso que trabaje por mejorar los niveles de vida de la poblaci\u00f3n, y que haga sus plegarias al Se\u00f1or. Los despose\u00eddos del mundo necesitan quien hable por ellos. Quien sea su voz y su conciencia.<\/p>\n<\/p>\n<p>La iglesia, y me refiero a todas las creencias religiosas, en muchas ocasiones ha volteado la mejilla para no ver el dolor de los desamparados de la tierra. Ellos quieren el oropel, se unen a los poderosos,  se ilusionan con  templos lujosos y olorosos y se olvidan de los que viven en casa de marginalidad.<\/p>\n<\/p>\n<p>Fue esperanzador el mensaje del Serm\u00f3n de las Siete Palabras, pero todo se qued\u00f3 en el camino. Habr\u00eda que pasar  revista a ver que hizo que los sacerdotes redujeran la marcha. La miseria y el hambre dominicana son iguales, por lo que nadie podr\u00eda pensar en hacer un alto en el camino.<\/p>\n<\/p>\n<p>Parece que el \u00fanico tema en agenda es el aborto. Pero no se da el consenso.  El aborto tiene que tratarse sin  pasiones, con una abierta discusi\u00f3n entre todos los sectores nacionales. Hay que comprender que en el tema del aborto hay que escuchar a los religiosos, las feministas, los grupos c\u00edvicos, y a las mujeres y los hombres de la calle.<\/p>\n<\/p>\n<p>Este y todos los temas de la vida nacional se necesita  que se aireen, y sobre todo que haya sectores con limpieza de pensamiento e intenciones para que sirvan de mediadores. No tiene al d\u00eda de hoy la sociedad dominicana a mediadores. Todos se enfrentan entre s\u00ed. Deben surgir los mediadores.<\/p>\n<\/p>\n<p>Las iglesias tienen que dar un paso al frente. Comprender que las oraciones y la lucha por el derecho a la vida y contra la marginalidad y las exclusiones no son contradictorias. Si se quiere mantener la paz, hay que quitar ebullici\u00f3n a la caldera social que est\u00e1 al rojo vivo. \u00a1Ay!, se me acab\u00f3 la tinta.<\/p>\n<\/p>\n<h6> 2019-08-28 01:06:30 <\/h6>\n<p><!--\n<link rel=\"stylesheet\" href=\"css\/bootstrap.min.css\">\n\n\n<ul class=\"pagination\">\n\t    \n\t\n\n<li >\n\t<a href='?page_no=560'>Previous<\/a>\n\t<\/li>\n\n\n       \n    \n\n<li><a href='?page_no=1'>1<\/a><\/li>\n\n\n\n<li><a href='?page_no=2'>2<\/a><\/li>\n\n\n\n<li><a>...<\/a><\/li>\n\n\n\n<li><a href='?page_no=559'>559<\/a><\/li>\n\n\n\n<li><a href='?page_no=560'>560<\/a><\/li>\n\n\n\n<li class='active'><a>561<\/a><\/li>\n\n\n\n<li><a href='?page_no=562'>562<\/a><\/li>\n\n\n\n<li><a href='?page_no=563'>563<\/a><\/li>\n\n\n\n<li><a>...<\/a><\/li>\n\n\n\n<li><a href='?page_no=13611'>13611<\/a><\/li>\n\n\n\n<li><a href='?page_no=13612'>13612<\/a><\/li>\n\n    \n\t\n\n<li >\n\t<a href='?page_no=562'>Next<\/a>\n\t<\/li>\n\n\n    \n\n<li><a href='?page_no=13612'>Last &rsaquo;&rsaquo;<\/a><\/li>\n\n<\/ul>\n\n\n--><br \/>\n<\/body><\/p>\n","protected":false},"excerpt":{"rendered":"<p>Por Manuel Hern\u00e1ndez Villeta La Iglesia Cat\u00f3lica ha ca\u00eddo en un letargo luego de su activismo de la Semana Santa. Una pena, porque da la impresi\u00f3n de que se habla y se escribe, pero que no se est\u00e1 en pie y raz\u00f3n de llevar el predicamento a la praxis. La iglesia no puede ser solo [&hellip;]<\/p>\n","protected":false},"author":3,"featured_media":0,"comment_status":"open","ping_status":"open","sticky":false,"template":"","format":"standard","meta":{"footnotes":""},"categories":[16],"tags":[],"class_list":["post-42615","post","type-post","status-publish","format-standard","hentry","category-opiniones"],"_links":{"self":[{"href":"https:\/\/diariodominicano.com\/index.php?rest_route=\/wp\/v2\/posts\/42615","targetHints":{"allow":["GET"]}}],"collection":[{"href":"https:\/\/diariodominicano.com\/index.php?rest_route=\/wp\/v2\/posts"}],"about":[{"href":"https:\/\/diariodominicano.com\/index.php?rest_route=\/wp\/v2\/types\/post"}],"author":[{"embeddable":true,"href":"https:\/\/diariodominicano.com\/index.php?rest_route=\/wp\/v2\/users\/3"}],"replies":[{"embeddable":true,"href":"https:\/\/diariodominicano.com\/index.php?rest_route=%2Fwp%2Fv2%2Fcomments&post=42615"}],"version-history":[{"count":0,"href":"https:\/\/diariodominicano.com\/index.php?rest_route=\/wp\/v2\/posts\/42615\/revisions"}],"wp:attachment":[{"href":"https:\/\/diariodominicano.com\/index.php?rest_route=%2Fwp%2Fv2%2Fmedia&parent=42615"}],"wp:term":[{"taxonomy":"category","embeddable":true,"href":"https:\/\/diariodominicano.com\/index.php?rest_route=%2Fwp%2Fv2%2Fcategories&post=42615"},{"taxonomy":"post_tag","embeddable":true,"href":"https:\/\/diariodominicano.com\/index.php?rest_route=%2Fwp%2Fv2%2Ftags&post=42615"}],"curies":[{"name":"wp","href":"https:\/\/api.w.org\/{rel}","templated":true}]}}