{"id":42603,"date":"2020-10-02T14:46:18","date_gmt":"2020-10-02T14:46:18","guid":{"rendered":"http:\/\/diariodominicano.ddns.net\/?p=42603"},"modified":"2020-10-02T14:46:18","modified_gmt":"2020-10-02T14:46:18","slug":"la-administracion-publica","status":"publish","type":"post","link":"https:\/\/diariodominicano.com\/?p=42603","title":{"rendered":"La administraci\u00f3n p\u00fablica"},"content":{"rendered":"<p><body><\/p>\n<p>A Pleno Sol<\/p>\n<\/p>\n<p>La administraci\u00f3n p\u00fablica<\/p>\n<\/p>\n<p>Por Manuel Hern\u00e1ndez Villeta<\/p>\n<\/p>\n<\/p>\n<p>La casi totalidad de los que participan en la vida pol\u00edtica, buscan un cargo en el gobierno. Es una hipocres\u00eda que una mayor\u00eda mantenga que va a los m\u00edtines partidistas luchando por el bienestar social del pa\u00eds.<\/p>\n<\/p>\n<p>Si se hace una encuesta, la casi totalidad espera un empleo en el sector oficial. La raz\u00f3n de ser de los activistas es que se les tome en cuenta en caso de que su partido  gane las elecciones. Esa ambici\u00f3n  es a  todos los niveles. Unos quieren ser ministros y los m\u00e1s se conforman con un escritorio en cualquier  departamento.<\/p>\n<\/p>\n<p>Pero esos son los que quieren trabajar. Hay otra capa, que es intolerable, que se mete a la pol\u00edtica para conseguir una o varias botellas. Es que por su militancia se le pague un salario sin trabajar. Es un esp\u00e9cimen que debe desaparecer del acontecer pol\u00edtico dominicano.<\/p>\n<\/p>\n<p>El que no trabaja no debe cobrar. Los cargos se deben asignar seg\u00fan la capacidad de la persona, y no por su  pasada labor de agitaci\u00f3n. Es hora de adecentar la administraci\u00f3n p\u00fablica.<\/p>\n<\/p>\n<p>La carrera administrativa puede ser una soluci\u00f3n, pero primero hay que ver si mediante ese sistema se cumplen todos los par\u00e1metros. No puede haber una verdadera carrera administrativa si para llegar al cargo se utiliza la tarjeta o la carta de un pol\u00edtico.<\/p>\n<\/p>\n<p>Hay unos cien mil empleados p\u00fablicos de carrera, que fueron dejados por la pasada administraci\u00f3n. Aducen que no se les puede cancelar y que tienen derecho a seguir en los cargos de por vida. Si bien la carrera administrativa es necesaria, tampoco puede ser un seguro para que bur\u00f3cratas se eternicen en el cargo.<\/p>\n<\/p>\n<p>Las presentes autoridades deben dar los pasos para una verdadera carrera administrativa. Todos los cargos se deben llenar mediante concurso. Pero estamos lejos de sentar las bases de una verdadera carrera administrativa.<\/p>\n<\/p>\n<p> Siempre el Estado ha sido el granero de los vocingleros. Que ahora se vaya a cambiar esa situaci\u00f3n es otra variante. Desde luego, vamos a dar tiempo al tiempo.<\/p>\n<\/p>\n<p>La burocracia oficial tiene que ser plenamente tecnificada. Se tienen que ofrecer cursos permanentes, capacitaci\u00f3n constante. Hoy, en la mayor\u00eda de las dependencias del Estado se paga mejor salario que en el sector privado, con horarios de labores  m\u00e1s reducidos.<\/p>\n<\/p>\n<p>Con la carrera administrativa se inici\u00f3 lo que puede ser la institucionalidad del Estado, ahora queda seguir adelante con esos programas y tratar de impulsarlos a su m\u00e1ximo desarrollo. Pero no se olvide que de por medio est\u00e1 el deseo de las bases de obtener un empleo a como d\u00e9 lugar. \u00a1Ay!, se me acab\u00f3 la tinta.<\/p>\n<\/p>\n<h6> 2020-10-02 14:46:18 <\/h6>\n<p><!--\n<link rel=\"stylesheet\" href=\"css\/bootstrap.min.css\">\n\n\n<ul class=\"pagination\">\n\t    \n\t\n\n<li >\n\t<a href='?page_no=55'>Previous<\/a>\n\t<\/li>\n\n\n       \n    \n\n<li><a href='?page_no=1'>1<\/a><\/li>\n\n\n\n<li><a href='?page_no=2'>2<\/a><\/li>\n\n\n\n<li><a>...<\/a><\/li>\n\n\n\n<li><a href='?page_no=54'>54<\/a><\/li>\n\n\n\n<li><a href='?page_no=55'>55<\/a><\/li>\n\n\n\n<li class='active'><a>56<\/a><\/li>\n\n\n\n<li><a href='?page_no=57'>57<\/a><\/li>\n\n\n\n<li><a href='?page_no=58'>58<\/a><\/li>\n\n\n\n<li><a>...<\/a><\/li>\n\n\n\n<li><a href='?page_no=13611'>13611<\/a><\/li>\n\n\n\n<li><a href='?page_no=13612'>13612<\/a><\/li>\n\n    \n\t\n\n<li >\n\t<a href='?page_no=57'>Next<\/a>\n\t<\/li>\n\n\n    \n\n<li><a href='?page_no=13612'>Last &rsaquo;&rsaquo;<\/a><\/li>\n\n<\/ul>\n\n\n--><br \/>\n<\/body><\/p>\n","protected":false},"excerpt":{"rendered":"<p>A Pleno Sol La administraci\u00f3n p\u00fablica Por Manuel Hern\u00e1ndez Villeta La casi totalidad de los que participan en la vida pol\u00edtica, buscan un cargo en el gobierno. Es una hipocres\u00eda que una mayor\u00eda mantenga que va a los m\u00edtines partidistas luchando por el bienestar social del pa\u00eds. Si se hace una encuesta, la casi totalidad [&hellip;]<\/p>\n","protected":false},"author":3,"featured_media":0,"comment_status":"open","ping_status":"open","sticky":false,"template":"","format":"standard","meta":{"footnotes":""},"categories":[16],"tags":[],"class_list":["post-42603","post","type-post","status-publish","format-standard","hentry","category-opiniones"],"_links":{"self":[{"href":"https:\/\/diariodominicano.com\/index.php?rest_route=\/wp\/v2\/posts\/42603","targetHints":{"allow":["GET"]}}],"collection":[{"href":"https:\/\/diariodominicano.com\/index.php?rest_route=\/wp\/v2\/posts"}],"about":[{"href":"https:\/\/diariodominicano.com\/index.php?rest_route=\/wp\/v2\/types\/post"}],"author":[{"embeddable":true,"href":"https:\/\/diariodominicano.com\/index.php?rest_route=\/wp\/v2\/users\/3"}],"replies":[{"embeddable":true,"href":"https:\/\/diariodominicano.com\/index.php?rest_route=%2Fwp%2Fv2%2Fcomments&post=42603"}],"version-history":[{"count":0,"href":"https:\/\/diariodominicano.com\/index.php?rest_route=\/wp\/v2\/posts\/42603\/revisions"}],"wp:attachment":[{"href":"https:\/\/diariodominicano.com\/index.php?rest_route=%2Fwp%2Fv2%2Fmedia&parent=42603"}],"wp:term":[{"taxonomy":"category","embeddable":true,"href":"https:\/\/diariodominicano.com\/index.php?rest_route=%2Fwp%2Fv2%2Fcategories&post=42603"},{"taxonomy":"post_tag","embeddable":true,"href":"https:\/\/diariodominicano.com\/index.php?rest_route=%2Fwp%2Fv2%2Ftags&post=42603"}],"curies":[{"name":"wp","href":"https:\/\/api.w.org\/{rel}","templated":true}]}}