{"id":425974,"date":"2023-03-21T23:23:35","date_gmt":"2023-03-22T03:23:35","guid":{"rendered":"http:\/\/diariodominicano.com\/?p=425974"},"modified":"2023-03-21T23:23:35","modified_gmt":"2023-03-22T03:23:35","slug":"condenan-a-seis-anos-de-prision-a-un-hombre-acusado-de-traficar-con-drogas-en-monte-plata","status":"publish","type":"post","link":"https:\/\/diariodominicano.com\/?p=425974","title":{"rendered":"Condenan a seis a\u00f1os de prisi\u00f3n a un hombre acusado de traficar con drogas en Monte Plata"},"content":{"rendered":"\n<p>MONTE PLATA, Rep\u00fablica Dominicana.- Una sentencia condenatoria de seis a\u00f1os de prisi\u00f3n fue impuesta a un hombre acusado por el Ministerio P\u00fablico de traficar con varios gramos de diferentes sustancias narc\u00f3ticas en el municipio Yamas\u00e1, en el a\u00f1o 2021.<\/p>\n\n\n\n<p>Los jueces Hilda Nieves S\u00e1nchez Luna (presidenta), Isa\u00edas Ronaldo Mart\u00ednez P\u00e9rez y Johanna Giselle Reyes Moquete, del Tribunal Colegiado de Monte Plata, dictaron la sentencia condenatoria en contra de William Jos\u00e9 Garc\u00eda Bello (Conejo).<\/p>\n\n\n\n<p>En su sentencia, el tribunal adem\u00e1s ordena la incineraci\u00f3n de las sustancias que le fueron ocupada al momento de su arresto, consistentes en 101.35 gramos de coca\u00edna clorhidratada, 14.93 gramos de crack y 91.40 gramos de marihuana.<\/p>\n\n\n\n<p>La acusaci\u00f3n presentada por el fiscal de este distrito judicial Jos\u00e9 del Carmen Garc\u00eda Hern\u00e1ndez expresa que Garc\u00eda Bello fue arrestado en flagrante delito en un punto de drogas del referido municipio, el 29 de noviembre de 2021, alrededor de las 4:23 de la tarde.<\/p>\n\n\n\n<p>Su detenci\u00f3n fue ejecutada por miembros de la Direcci\u00f3n Nacional de Control de Drogas (DNCD), en un operativo, luego de que le ocuparan las sustancias narc\u00f3ticas que llevaba en los bolsillos del pantal\u00f3n.<\/p>\n\n\n\n<p>Con diferentes pruebas procesales, periciales y testimoniales el Ministerio P\u00fablico demostr\u00f3 ante el tribunal que Garc\u00eda Bello viol\u00f3 las disposiciones de los art\u00edculos 5, literal A; 6, literal A; 28 y 75, p\u00e1rrafo II, de la Ley 50-88 sobre Drogas y Sustancias Controladas.<\/p>\n\n\n\n<p>Garc\u00eda Bello deber\u00e1 cumplir la sentencia en el Centro de Correcci\u00f3n y Rehabilitaci\u00f3n de Monte Plata.<\/p>\n\n\n\n<p>Direcci\u00f3n General de Comunicaci\u00f3n, Prensa, y RRPP<\/p>\n\n\n\n<p>Ministerio P\u00fablico.&nbsp;R.D.<\/p>\n\n\n\n<p>Martes, 21 de marzo de 2023.<\/p>\n","protected":false},"excerpt":{"rendered":"<p>MONTE PLATA, Rep\u00fablica Dominicana.- Una sentencia condenatoria de seis a\u00f1os de prisi\u00f3n fue impuesta a un hombre acusado por el Ministerio P\u00fablico de traficar con varios gramos de diferentes sustancias narc\u00f3ticas en el municipio Yamas\u00e1, en el a\u00f1o 2021. Los jueces Hilda Nieves S\u00e1nchez Luna (presidenta), Isa\u00edas Ronaldo Mart\u00ednez P\u00e9rez y Johanna Giselle Reyes Moquete, [&hellip;]<\/p>\n","protected":false},"author":28,"featured_media":367901,"comment_status":"closed","ping_status":"","sticky":true,"template":"","format":"standard","meta":{"footnotes":""},"categories":[24,29,27],"tags":[],"class_list":["post-425974","post","type-post","status-publish","format-standard","has-post-thumbnail","hentry","category-justicia-y-derecho","category-policiasucesos","category-portada"],"_links":{"self":[{"href":"https:\/\/diariodominicano.com\/index.php?rest_route=\/wp\/v2\/posts\/425974","targetHints":{"allow":["GET"]}}],"collection":[{"href":"https:\/\/diariodominicano.com\/index.php?rest_route=\/wp\/v2\/posts"}],"about":[{"href":"https:\/\/diariodominicano.com\/index.php?rest_route=\/wp\/v2\/types\/post"}],"author":[{"embeddable":true,"href":"https:\/\/diariodominicano.com\/index.php?rest_route=\/wp\/v2\/users\/28"}],"replies":[{"embeddable":true,"href":"https:\/\/diariodominicano.com\/index.php?rest_route=%2Fwp%2Fv2%2Fcomments&post=425974"}],"version-history":[{"count":1,"href":"https:\/\/diariodominicano.com\/index.php?rest_route=\/wp\/v2\/posts\/425974\/revisions"}],"predecessor-version":[{"id":425975,"href":"https:\/\/diariodominicano.com\/index.php?rest_route=\/wp\/v2\/posts\/425974\/revisions\/425975"}],"wp:featuredmedia":[{"embeddable":true,"href":"https:\/\/diariodominicano.com\/index.php?rest_route=\/wp\/v2\/media\/367901"}],"wp:attachment":[{"href":"https:\/\/diariodominicano.com\/index.php?rest_route=%2Fwp%2Fv2%2Fmedia&parent=425974"}],"wp:term":[{"taxonomy":"category","embeddable":true,"href":"https:\/\/diariodominicano.com\/index.php?rest_route=%2Fwp%2Fv2%2Fcategories&post=425974"},{"taxonomy":"post_tag","embeddable":true,"href":"https:\/\/diariodominicano.com\/index.php?rest_route=%2Fwp%2Fv2%2Ftags&post=425974"}],"curies":[{"name":"wp","href":"https:\/\/api.w.org\/{rel}","templated":true}]}}