{"id":42581,"date":"2019-08-29T00:01:15","date_gmt":"2019-08-29T00:01:15","guid":{"rendered":"http:\/\/diariodominicano.ddns.net\/?p=42581"},"modified":"2019-08-29T00:01:15","modified_gmt":"2019-08-29T00:01:15","slug":"a-pleno-solunificacion-electoral","status":"publish","type":"post","link":"https:\/\/diariodominicano.com\/?p=42581","title":{"rendered":"A Pleno Sol&#13;&#13;Unificaci\u00f3n electoral"},"content":{"rendered":"<p><body><\/p>\n<p><strong>Por Manuel Hern\u00e1ndez Villeta<\/strong><\/p>\n<\/p>\n<\/p>\n<p>La unificaci\u00f3n de las elecciones no puede ser en estos momentos. Es improcedente  realizar una modificaci\u00f3n Constitucional  ahora mismo. Se juega con el pueblo cuando se plantea reunificaci\u00f3n electoral, pero no se  dice claro que para esta maniobra hay que hacer modificaciones constitucionales.<\/p>\n<\/p>\n<p>A largo plazo, luego de las elecciones, es necesaria la reunificaci\u00f3n electoral, para que en el 2024 se celebren en una fecha cercana las votaciones para presidente de la Rep\u00fablica, alcaldes, senadores, diputados y regidores. Que tambi\u00e9n quede habilitado Danilo Medina para  que busque la candidatura  en el 2024.<\/p>\n<\/p>\n<p>El principal fallo fue de los legisladores que establecieron fechas diferentes para las elecciones, y la Junta Central Electoral que se cruz\u00f3 de brazos y no le dio importancia a un asunto capital. Elecciones separadas significa que se sufre de  una permanente campa\u00f1a electoral.<\/p>\n<\/p>\n<p>El tema de la reunificaci\u00f3n electoral no se puede tomar a la carrera. Los legisladores no pueden entrar en una nueva crisis, en momentos en que se van a celebrar las elecciones a dos niveles. Lo que manda la tranquilidad nacional, es dejar congelado este aspecto hasta la nueva legislatura.<\/p>\n<\/p>\n<p>El panorama va a cambiar. No se sabe cu\u00e1les frentes pol\u00edticos ser\u00e1n mayoritarios en el Congreso. Tal vez por eso se desea ahora lograr una reforma, cuando se podr\u00eda alcanzar  esa mayor\u00eda. No se olvide que los votos para una reforma corren  un nuevo riesgo.<\/p>\n<\/p>\n<p>No se puede correr el albur de  una nueva derrota de la reforma. De ah\u00ed que en vez de festinar una soluci\u00f3n, lo que se tiene es que meditar a fondo lo que se tiene ahora mismo, que es garantizar unas elecciones libres y democr\u00e1ticas.<\/p>\n<\/p>\n<p>Lo saludable es que todo se ejecute de acuerdo al libreto original, y que se vaya a las elecciones congresuales y municipales como ahora mismo est\u00e1n integradas. Lo dem\u00e1s que espere a los nuevos legisladores.<\/p>\n<\/p>\n<p>Y ahora hay la explosi\u00f3n de las  pre-candidaturas, lo cual significa que los ciudadanos llegan  al cansancio con pol\u00edticos de alto y bajo nivel tratando de posesionarse como candidatos. Esta adem\u00e1s la rebati\u00f1a de los partidos, y las luchas internas entre cada uno de los pre-candidatos.<\/p>\n<\/p>\n<p>La reunificaci\u00f3n electoral es una necesidad para las elecciones del a\u00f1o 2024, pero es intocable en estos momentos, si la condici\u00f3n obligatoria es que se haga una reforma constitucional. Nada de reformas hasta despu\u00e9s de las elecciones del 2020. \u00a1Ay!, se me acab\u00f3 la tinta.<\/p>\n<\/p>\n<h6> 2019-08-29 00:01:15 <\/h6>\n<p><!--\n<link rel=\"stylesheet\" href=\"css\/bootstrap.min.css\">\n\n\n<ul class=\"pagination\">\n\t    \n\t\n\n<li >\n\t<a href='?page_no=557'>Previous<\/a>\n\t<\/li>\n\n\n       \n    \n\n<li><a href='?page_no=1'>1<\/a><\/li>\n\n\n\n<li><a href='?page_no=2'>2<\/a><\/li>\n\n\n\n<li><a>...<\/a><\/li>\n\n\n\n<li><a href='?page_no=556'>556<\/a><\/li>\n\n\n\n<li><a href='?page_no=557'>557<\/a><\/li>\n\n\n\n<li class='active'><a>558<\/a><\/li>\n\n\n\n<li><a href='?page_no=559'>559<\/a><\/li>\n\n\n\n<li><a href='?page_no=560'>560<\/a><\/li>\n\n\n\n<li><a>...<\/a><\/li>\n\n\n\n<li><a href='?page_no=13611'>13611<\/a><\/li>\n\n\n\n<li><a href='?page_no=13612'>13612<\/a><\/li>\n\n    \n\t\n\n<li >\n\t<a href='?page_no=559'>Next<\/a>\n\t<\/li>\n\n\n    \n\n<li><a href='?page_no=13612'>Last &rsaquo;&rsaquo;<\/a><\/li>\n\n<\/ul>\n\n\n--><br \/>\n<\/body><\/p>\n","protected":false},"excerpt":{"rendered":"<p>Por Manuel Hern\u00e1ndez Villeta La unificaci\u00f3n de las elecciones no puede ser en estos momentos. Es improcedente realizar una modificaci\u00f3n Constitucional ahora mismo. Se juega con el pueblo cuando se plantea reunificaci\u00f3n electoral, pero no se dice claro que para esta maniobra hay que hacer modificaciones constitucionales. A largo plazo, luego de las elecciones, es [&hellip;]<\/p>\n","protected":false},"author":3,"featured_media":0,"comment_status":"open","ping_status":"open","sticky":false,"template":"","format":"standard","meta":{"footnotes":""},"categories":[16],"tags":[],"class_list":["post-42581","post","type-post","status-publish","format-standard","hentry","category-opiniones"],"_links":{"self":[{"href":"https:\/\/diariodominicano.com\/index.php?rest_route=\/wp\/v2\/posts\/42581","targetHints":{"allow":["GET"]}}],"collection":[{"href":"https:\/\/diariodominicano.com\/index.php?rest_route=\/wp\/v2\/posts"}],"about":[{"href":"https:\/\/diariodominicano.com\/index.php?rest_route=\/wp\/v2\/types\/post"}],"author":[{"embeddable":true,"href":"https:\/\/diariodominicano.com\/index.php?rest_route=\/wp\/v2\/users\/3"}],"replies":[{"embeddable":true,"href":"https:\/\/diariodominicano.com\/index.php?rest_route=%2Fwp%2Fv2%2Fcomments&post=42581"}],"version-history":[{"count":0,"href":"https:\/\/diariodominicano.com\/index.php?rest_route=\/wp\/v2\/posts\/42581\/revisions"}],"wp:attachment":[{"href":"https:\/\/diariodominicano.com\/index.php?rest_route=%2Fwp%2Fv2%2Fmedia&parent=42581"}],"wp:term":[{"taxonomy":"category","embeddable":true,"href":"https:\/\/diariodominicano.com\/index.php?rest_route=%2Fwp%2Fv2%2Fcategories&post=42581"},{"taxonomy":"post_tag","embeddable":true,"href":"https:\/\/diariodominicano.com\/index.php?rest_route=%2Fwp%2Fv2%2Ftags&post=42581"}],"curies":[{"name":"wp","href":"https:\/\/api.w.org\/{rel}","templated":true}]}}