{"id":425803,"date":"2023-03-21T10:58:00","date_gmt":"2023-03-21T14:58:00","guid":{"rendered":"http:\/\/diariodominicano.com\/?p=425803"},"modified":"2023-03-21T10:58:00","modified_gmt":"2023-03-21T14:58:00","slug":"pn-apresa-dos-personas-por-separado-se-les-atribuye-diferentes-hechos-ilicitos-en-santiago","status":"publish","type":"post","link":"https:\/\/diariodominicano.com\/?p=425803","title":{"rendered":"PN apresa dos personas por separado, se les atribuye  diferentes hechos il\u00edcitos en Santiago"},"content":{"rendered":"\n<p>diariodominicano.com<\/p>\n\n\n\n<p>Ocupa escopeta que hab\u00eda sido sustra\u00edda, chaleco anti balas, rev\u00f3lver ilegal\u00a0\u00a0y dos motocicletas<\/p>\n\n\n\n<p><strong>Santiago, R.D., 21 de marzo 2023<\/strong>.- Agentes policiales de investigaciones y preventivos adscritos a la Direcci\u00f3n Regional Cibao Central, apresaron dos personas, uno por haber agredido su ex pareja\u00a0\u00a0y otro por porte de arma ilegal,\u00a0\u00a0tambi\u00e9n recuperaron\u00a0\u00a0dos motocicletas, reportadas como robadas en Santiago.<\/p>\n\n\n\n<p>Entre los apresados se destaca el arresto de Alberto Ventura Mena (Al capone), 39 a\u00f1os de edad, detenido en el sector Los Salados,&nbsp;&nbsp;momentos en que se encontraba agrediendo f\u00edsicamente a su ex-concubina, con una escopeta, la misma al ser depurada figura con denuncia como robada el 25 de diciembre del 2022, tambi\u00e9n se le ocup\u00f3 un chaleco anti bala.<\/p>\n\n\n\n<p>Tambi\u00e9n fue apresado en el municipio de San Jos\u00e9 de las Matas, Epifanio Duran Santana, de 69 a\u00f1os de edad, ocup\u00e1ndole el rev\u00f3lver marca Rossi-Taurus, calibre 38, seriales Nos. WC81888 y1735351, con cinco c\u00e1psulas, sin ning\u00fan tipo de documentos.<\/p>\n\n\n\n<p>Mientras que las motocicletas&nbsp;&nbsp;recuperadas son marca Bajaj, modelo Platina 125, color negro con azul, chasis No. MD2A76AX5PWB48390 y la motocicleta modelo BM 100, color azul, placa No. NITZ64, las mismas&nbsp;&nbsp;figuran con denuncias de robos.<\/p>\n\n\n\n<p>Los detenidos y lo ocupado se encuentran en poder del Ministerio P\u00fablico para los fines procedentes.<\/p>\n\n\n\n<p>Fuente:  SUBDIRECCION DE COMUNICACIONES ESTRATEGICAS DE LA POLICIA NACIONAL, DIRECCI\u00d3N REGIONAL CIBAO CENTRAL<\/p>\n","protected":false},"excerpt":{"rendered":"<p>diariodominicano.com Ocupa escopeta que hab\u00eda sido sustra\u00edda, chaleco anti balas, rev\u00f3lver ilegal\u00a0\u00a0y dos motocicletas Santiago, R.D., 21 de marzo 2023.- Agentes policiales de investigaciones y preventivos adscritos a la Direcci\u00f3n Regional Cibao Central, apresaron dos personas, uno por haber agredido su ex pareja\u00a0\u00a0y otro por porte de arma ilegal,\u00a0\u00a0tambi\u00e9n recuperaron\u00a0\u00a0dos motocicletas, reportadas como robadas en [&hellip;]<\/p>\n","protected":false},"author":5,"featured_media":425806,"comment_status":"closed","ping_status":"","sticky":true,"template":"","format":"standard","meta":{"footnotes":""},"categories":[29,27],"tags":[],"class_list":["post-425803","post","type-post","status-publish","format-standard","has-post-thumbnail","hentry","category-policiasucesos","category-portada"],"_links":{"self":[{"href":"https:\/\/diariodominicano.com\/index.php?rest_route=\/wp\/v2\/posts\/425803","targetHints":{"allow":["GET"]}}],"collection":[{"href":"https:\/\/diariodominicano.com\/index.php?rest_route=\/wp\/v2\/posts"}],"about":[{"href":"https:\/\/diariodominicano.com\/index.php?rest_route=\/wp\/v2\/types\/post"}],"author":[{"embeddable":true,"href":"https:\/\/diariodominicano.com\/index.php?rest_route=\/wp\/v2\/users\/5"}],"replies":[{"embeddable":true,"href":"https:\/\/diariodominicano.com\/index.php?rest_route=%2Fwp%2Fv2%2Fcomments&post=425803"}],"version-history":[{"count":1,"href":"https:\/\/diariodominicano.com\/index.php?rest_route=\/wp\/v2\/posts\/425803\/revisions"}],"predecessor-version":[{"id":425808,"href":"https:\/\/diariodominicano.com\/index.php?rest_route=\/wp\/v2\/posts\/425803\/revisions\/425808"}],"wp:featuredmedia":[{"embeddable":true,"href":"https:\/\/diariodominicano.com\/index.php?rest_route=\/wp\/v2\/media\/425806"}],"wp:attachment":[{"href":"https:\/\/diariodominicano.com\/index.php?rest_route=%2Fwp%2Fv2%2Fmedia&parent=425803"}],"wp:term":[{"taxonomy":"category","embeddable":true,"href":"https:\/\/diariodominicano.com\/index.php?rest_route=%2Fwp%2Fv2%2Fcategories&post=425803"},{"taxonomy":"post_tag","embeddable":true,"href":"https:\/\/diariodominicano.com\/index.php?rest_route=%2Fwp%2Fv2%2Ftags&post=425803"}],"curies":[{"name":"wp","href":"https:\/\/api.w.org\/{rel}","templated":true}]}}