{"id":425767,"date":"2023-03-21T09:27:12","date_gmt":"2023-03-21T13:27:12","guid":{"rendered":"http:\/\/diariodominicano.com\/?p=425767"},"modified":"2023-03-21T09:27:12","modified_gmt":"2023-03-21T13:27:12","slug":"fiscalia-logra-condenas-de-15-y-2-anos-contra-pareja-responsable-de-la-muerte-de-una-nina-y-de-causar-heridas-a-un-nino","status":"publish","type":"post","link":"https:\/\/diariodominicano.com\/?p=425767","title":{"rendered":"Fiscal\u00eda logra condenas de 15 y 2 a\u00f1os contra pareja responsable de la muerte de una ni\u00f1a y de causar heridas a un ni\u00f1o"},"content":{"rendered":"\n<p>SANTO DOMINGO NORTE, Rep\u00fablica Dominicana.- La Fiscal\u00eda de Santo Domingo Este y Norte obtuvo condenas de quince y dos a\u00f1os de prisi\u00f3n en contra de una mujer y hombre, responsables de la muerte de un disparo de una ni\u00f1a y de herir a un ni\u00f1o, en un hecho ocurrido en el sector Santa Cruz, de Villa Mella, en Santo Domingo Norte.<\/p>\n\n\n\n<p>La condena de 15 a\u00f1os de prisi\u00f3n le fue impuesta por el Quinto Tribunal Colegiado, que preside el juez Julio Aybar Ortiz, a Jacqueline Mart\u00ednez Selmo, y los dos a\u00f1os de prisi\u00f3n a Miguel Mart\u00ednez, por los hechos cometidos en perjuicio de los menores Carla Masiel Polanco Brazoban (occisa) y el ni\u00f1o de iniciales J.M.C., ambos de nueve a\u00f1os de edad.<\/p>\n\n\n\n<p>Los fiscales Juan Alberto Liranzo y Evelyn Pe\u00f1a, demostraron ante el tribunal, con elementos de pruebas testimoniales, documentales y procesales, la responsabilidad penal de Mart\u00ednez Selmo y de Mart\u00ednez, quienes son esposos, por la violaci\u00f3n a los art\u00edculos 295, homicidio voluntario, 296, homicidio con premeditaci\u00f3n y asechanza, y 302, sobre homicidio del C\u00f3digo Penal Dominicano.<\/p>\n\n\n\n<p>El \u00f3rgano de justicia tambi\u00e9n prob\u00f3 la falta cometida por los procesados a los art\u00edculos 66 y 67 de la Ley 631-16 para el Control y Regularizaci\u00f3n de Armas, Municiones y Materiales Relacionados, as\u00ed como a la Ley 136-03, para la Protecci\u00f3n de los Derechos Fundamentales de Ni\u00f1os, Ni\u00f1as y Adolescentes.<\/p>\n\n\n\n<p>Los hechos ocurrieron el 14 de febrero del a\u00f1o 2021, alrededor de las 6:00 de la tarde, cuando motivados por viejas rencillas personales entre la hija de los hoy condenados y la se\u00f1ora Mar\u00eda Clariza Heredia Brazoban, ambos condenados se presentaron a la calle La Senda, en el sector Santa Cruz, de Villa Mella, y sin mediar palabras Mart\u00ednez Selmo tom\u00f3 el arma de fuego (marca no legible, No. 396569), que llevaba su pareja en el pantal\u00f3n y realiz\u00f3 varios disparos en diferentes direcciones, impactando con uno de los proyectiles a la infante Polanco Brazoban.<\/p>\n\n\n\n<p>Ante la situaci\u00f3n, Miguel Mart\u00ednez tom\u00f3 el arma de fuego y realiz\u00f3 varios disparos, causando con uno de ellos quemaduras por fricci\u00f3n al ni\u00f1o de iniciales J.M.C.<\/p>\n\n\n\n<p>Tras el hecho ambos emprendiendo la huida, siendo arrestados momentos despu\u00e9s por autoridades policiales.<\/p>\n\n\n\n<p>La ni\u00f1a falleci\u00f3 mientras era trasladada a un hospital a causa de herida de proyectil a distancia, sin salida, laceraci\u00f3n en el pulm\u00f3n y el coraz\u00f3n, seg\u00fan la autopsia, mientras el ni\u00f1o logr\u00f3 ser asistido, logrando recuperarse de las heridas.<\/p>\n\n\n\n<p>Por decisi\u00f3n del tribunal,&nbsp; las condenas deber\u00e1n ser cumplidas en los centro de correcci\u00f3n y rehabilitaci\u00f3n Najayo Hombres y Najayo Mujeres, en San Crist\u00f3bal.<\/p>\n\n\n\n<p>Direcci\u00f3n General de Comunicaci\u00f3n, Prensa, y RRPP<\/p>\n\n\n\n<p>Ministerio P\u00fablico.&nbsp;R.D.<\/p>\n\n\n\n<p>Martes, 21 de marzo de 2023.<\/p>\n","protected":false},"excerpt":{"rendered":"<p>SANTO DOMINGO NORTE, Rep\u00fablica Dominicana.- La Fiscal\u00eda de Santo Domingo Este y Norte obtuvo condenas de quince y dos a\u00f1os de prisi\u00f3n en contra de una mujer y hombre, responsables de la muerte de un disparo de una ni\u00f1a y de herir a un ni\u00f1o, en un hecho ocurrido en el sector Santa Cruz, de [&hellip;]<\/p>\n","protected":false},"author":28,"featured_media":329468,"comment_status":"closed","ping_status":"","sticky":false,"template":"","format":"standard","meta":{"footnotes":""},"categories":[24,29],"tags":[],"class_list":["post-425767","post","type-post","status-publish","format-standard","has-post-thumbnail","hentry","category-justicia-y-derecho","category-policiasucesos"],"_links":{"self":[{"href":"https:\/\/diariodominicano.com\/index.php?rest_route=\/wp\/v2\/posts\/425767","targetHints":{"allow":["GET"]}}],"collection":[{"href":"https:\/\/diariodominicano.com\/index.php?rest_route=\/wp\/v2\/posts"}],"about":[{"href":"https:\/\/diariodominicano.com\/index.php?rest_route=\/wp\/v2\/types\/post"}],"author":[{"embeddable":true,"href":"https:\/\/diariodominicano.com\/index.php?rest_route=\/wp\/v2\/users\/28"}],"replies":[{"embeddable":true,"href":"https:\/\/diariodominicano.com\/index.php?rest_route=%2Fwp%2Fv2%2Fcomments&post=425767"}],"version-history":[{"count":1,"href":"https:\/\/diariodominicano.com\/index.php?rest_route=\/wp\/v2\/posts\/425767\/revisions"}],"predecessor-version":[{"id":425768,"href":"https:\/\/diariodominicano.com\/index.php?rest_route=\/wp\/v2\/posts\/425767\/revisions\/425768"}],"wp:featuredmedia":[{"embeddable":true,"href":"https:\/\/diariodominicano.com\/index.php?rest_route=\/wp\/v2\/media\/329468"}],"wp:attachment":[{"href":"https:\/\/diariodominicano.com\/index.php?rest_route=%2Fwp%2Fv2%2Fmedia&parent=425767"}],"wp:term":[{"taxonomy":"category","embeddable":true,"href":"https:\/\/diariodominicano.com\/index.php?rest_route=%2Fwp%2Fv2%2Fcategories&post=425767"},{"taxonomy":"post_tag","embeddable":true,"href":"https:\/\/diariodominicano.com\/index.php?rest_route=%2Fwp%2Fv2%2Ftags&post=425767"}],"curies":[{"name":"wp","href":"https:\/\/api.w.org\/{rel}","templated":true}]}}