{"id":425731,"date":"2023-03-21T08:24:45","date_gmt":"2023-03-21T12:24:45","guid":{"rendered":"http:\/\/diariodominicano.com\/?p=425731"},"modified":"2023-03-21T08:26:46","modified_gmt":"2023-03-21T12:26:46","slug":"el-ministerio-publico-deposita-solicitud-de-medida-de-coercion-en-operacion-calamar","status":"publish","type":"post","link":"https:\/\/diariodominicano.com\/?p=425731","title":{"rendered":"El Ministerio P\u00fablico deposita solicitud de medida de coerci\u00f3n en Operaci\u00f3n Calamar"},"content":{"rendered":"\n<p><em><u>La investigaci\u00f3n del proceso fue realizada siguiendo los m\u00e1s altos est\u00e1ndares internacionales en materia de investigaci\u00f3n de criminalidad organizada<\/u><\/em><\/p>\n\n\n\n<figure class=\"wp-block-image size-large\"><img loading=\"lazy\" decoding=\"async\" width=\"1024\" height=\"683\" src=\"https:\/\/diariodominicano.com\/wp-content\/uploads\/2023\/03\/2023-03-20-Ministerio-Publico-deposita-solicitud-de-medida-de-Coercion-Caso-Calamar_009-1024x683.jpg\" alt=\"\" class=\"wp-image-425734\" srcset=\"https:\/\/diariodominicano.com\/wp-content\/uploads\/2023\/03\/2023-03-20-Ministerio-Publico-deposita-solicitud-de-medida-de-Coercion-Caso-Calamar_009-1024x683.jpg 1024w, https:\/\/diariodominicano.com\/wp-content\/uploads\/2023\/03\/2023-03-20-Ministerio-Publico-deposita-solicitud-de-medida-de-Coercion-Caso-Calamar_009-300x200.jpg 300w, https:\/\/diariodominicano.com\/wp-content\/uploads\/2023\/03\/2023-03-20-Ministerio-Publico-deposita-solicitud-de-medida-de-Coercion-Caso-Calamar_009-768x512.jpg 768w, https:\/\/diariodominicano.com\/wp-content\/uploads\/2023\/03\/2023-03-20-Ministerio-Publico-deposita-solicitud-de-medida-de-Coercion-Caso-Calamar_009-1536x1024.jpg 1536w, https:\/\/diariodominicano.com\/wp-content\/uploads\/2023\/03\/2023-03-20-Ministerio-Publico-deposita-solicitud-de-medida-de-Coercion-Caso-Calamar_009-2048x1365.jpg 2048w, https:\/\/diariodominicano.com\/wp-content\/uploads\/2023\/03\/2023-03-20-Ministerio-Publico-deposita-solicitud-de-medida-de-Coercion-Caso-Calamar_009-816x544.jpg 816w\" sizes=\"auto, (max-width: 1024px) 100vw, 1024px\" \/><figcaption> Al depositar el expediente, la Coordinadora de Litigaci\u00f3n de la Pepca, Mirna Ortiz, indic\u00f3 que el Ministerio P\u00fablico ha solicitado la imposici\u00f3n de 18 meses de prisi\u00f3n preventiva, como medida coercitiva y la declaratoria de complejidad del proceso.<\/figcaption><\/figure>\n\n\n\n<p><strong>SANTO DOMINGO, Rep\u00fablica Dominicana.-<\/strong>\u00a0La Procuradur\u00eda Especializada de Persecuci\u00f3n de la Corrupci\u00f3n Administrativa (Pepca), deposit\u00f3 la noche del  lunes, ante la Oficina de Atenci\u00f3n Permanente del Distrito Nacional, la solicitud de medida de coerci\u00f3n en contra de los arrestados en la Operaci\u00f3n Calamar, los cuales son parte de una red de corrupci\u00f3n que distrajo al Estado dominicano m\u00e1s de 19 mil millones de pesos.<\/p>\n\n\n\n<p>Al depositar el expediente, la Coordinadora de Litigaci\u00f3n de la Pepca, Mirna Ortiz, indic\u00f3 que el Ministerio P\u00fablico ha solicitado la imposici\u00f3n de 18 meses de prisi\u00f3n preventiva, como medida coercitiva y la declaratoria de complejidad del proceso.<\/p>\n\n\n\n<p>\u201cEl Ministerio P\u00fablico ha depositado la solicitud de medida de coerci\u00f3n de este proceso. Un proceso que se ha desarrollado con una investigaci\u00f3n que ha asumido altos est\u00e1ndares internacionales\u201d, dijo Ortiz al hablar con la prensa en el Palacio de Justicia de Ciudad Nueva, donde acudi\u00f3 a depositar la solicitud de medida de coerci\u00f3n junto a los fiscales Andr\u00e9s Mena, Miguel Collado, Marinel Brea, Rosa Alba Garc\u00eda, Arolin Lemos, Elvira Rodr\u00edguez y Emmanuel Ram\u00edrez.<\/p>\n\n\n\n<p>Sobre lo solicitado, Ortiz se\u00f1al\u00f3 que el Ministerio P\u00fablico \u201centiende que es la medida que este caso conlleva, de acuerdo a la gravedad de las imputaciones, a la seriedad de las mismas y al legajo probatorio que hemos depositado\u201d.<\/p>\n\n\n\n<p>La coordinadora de la Pepca detall\u00f3 que en el expediente consta de \u201cm\u00e1s de 1,200 elementos de pruebas depositados, una medida de coerci\u00f3n de m\u00e1s de tres mil p\u00e1ginas que involucra la sustracci\u00f3n de dinero del Estado por m\u00e1s de 17 mil millones de pesos\u201d en expropiaciones, los cuales sumados a unos 2,100 millones en deuda administrativas totalizan m\u00e1s de 19 mil millones.<\/p>\n\n\n\n<p>Ortiz se\u00f1al\u00f3 que el Ministerio P\u00fablico est\u00e1 listo para conocer la medida cuando el tribunal fije la audiencia.<\/p>\n\n\n\n<p>La litigante especific\u00f3 que esta investigaci\u00f3n apenas comienza y que seg\u00fan vaya avanzando pueden producirse otras detenciones.<\/p>\n\n\n\n<p>En la operaci\u00f3n, ejecutada el pasado s\u00e1bado, fueron realizados 40 allanamientos distribuidos en el Distrito Nacional, la provincia Santo Domingo, San Pedro de Macor\u00eds y La Romana, logrando el arresto de 20 personas.<\/p>\n\n\n\n<p>En la ejecutoria de estos allanamientos y arrestos participaron 40 fiscales, decenas de t\u00e9cnicos de diferentes unidades de investigaci\u00f3n, 300 miembros de la Polic\u00eda Nacional y un amplio equipo de apoyo administrativo.<\/p>\n\n\n\n<p>Entre los arrestados se encuentran, el exministro de&nbsp; Hacienda, Donald Guerrero; ex ministro administrativo de la presidencia, Jos\u00e9 Ram\u00f3n Peralta; exministro de Obras P\u00fablicas Gonzalo Castillo; ex contralor general de la Rep\u00fablica, Daniel Omar Caama\u00f1o; el exdirector del Consejo Estatal del Az\u00facar (CEA),&nbsp; Luis Miguel Piccirilo; exdirector de Catastro Nacional, Claudio Silver Pe\u00f1a, el economista \u00c1ngel Lockward y los exdirectores de Casinos y Juego de Azar, Oscar Chalas Guerrero y Juli\u00e1n Omar Fern\u00e1ndez.<\/p>\n\n\n\n<p>Asimismo, est\u00e1n arrestados Roberto Santiago Moquete, Agust\u00edn Mej\u00eda \u00c1vila, Emir Fern\u00e1ndez de Paola, Marcial Reyes, Alejandro Constanzo, Yahaira Brito Encarnaci\u00f3n, Ana Linda Fern\u00e1ndez, \u00c1ngel Lockward, Aldo Antonio Gerbasi, Ram\u00f3n David Hern\u00e1ndez, V\u00edctor Mat\u00edas Encarnaci\u00f3n y Rafael Parmenio Rodr\u00edguez Encarnaci\u00f3n.<\/p>\n\n\n\n<p>La imputaci\u00f3n preliminar del Ministerio P\u00fablico en contra de los arrestados incluye conductas tipificadas en el art\u00edculo 146 de la Constituci\u00f3n de la Rep\u00fablica, as\u00ed como los art\u00edculos 123, 166, 171, 172, 174, 175, 177, 265, 266, y 405 del C\u00f3digo Penal.<\/p>\n\n\n\n<p>Tambi\u00e9n, violaciones a las leyes 448-06 y 311-14, adem\u00e1s de la Ley 155-17, contra el Lavado de Activos y el Financiamiento del Terrorismo y la Ley 33-18, sobre Partidos, Agrupaciones y Movimientos Pol\u00edticos.<\/p>\n\n\n\n<p><strong>Direcci\u00f3n General de Comunicaci\u00f3n, Prensa, y RRPP<\/strong><\/p>\n\n\n\n<p>Ministerio P\u00fablico.&nbsp;R.D.<\/p>\n\n\n\n<p>Lunes, 20 de marzo de 2023<\/p>\n\n\n\n<p><\/p>\n","protected":false},"excerpt":{"rendered":"<p>La investigaci\u00f3n del proceso fue realizada siguiendo los m\u00e1s altos est\u00e1ndares internacionales en materia de investigaci\u00f3n de criminalidad organizada SANTO DOMINGO, Rep\u00fablica Dominicana.-\u00a0La Procuradur\u00eda Especializada de Persecuci\u00f3n de la Corrupci\u00f3n Administrativa (Pepca), deposit\u00f3 la noche del lunes, ante la Oficina de Atenci\u00f3n Permanente del Distrito Nacional, la solicitud de medida de coerci\u00f3n en contra de [&hellip;]<\/p>\n","protected":false},"author":28,"featured_media":425732,"comment_status":"closed","ping_status":"","sticky":true,"template":"","format":"standard","meta":{"footnotes":""},"categories":[24,29],"tags":[],"class_list":["post-425731","post","type-post","status-publish","format-standard","has-post-thumbnail","hentry","category-justicia-y-derecho","category-policiasucesos"],"_links":{"self":[{"href":"https:\/\/diariodominicano.com\/index.php?rest_route=\/wp\/v2\/posts\/425731","targetHints":{"allow":["GET"]}}],"collection":[{"href":"https:\/\/diariodominicano.com\/index.php?rest_route=\/wp\/v2\/posts"}],"about":[{"href":"https:\/\/diariodominicano.com\/index.php?rest_route=\/wp\/v2\/types\/post"}],"author":[{"embeddable":true,"href":"https:\/\/diariodominicano.com\/index.php?rest_route=\/wp\/v2\/users\/28"}],"replies":[{"embeddable":true,"href":"https:\/\/diariodominicano.com\/index.php?rest_route=%2Fwp%2Fv2%2Fcomments&post=425731"}],"version-history":[{"count":4,"href":"https:\/\/diariodominicano.com\/index.php?rest_route=\/wp\/v2\/posts\/425731\/revisions"}],"predecessor-version":[{"id":425737,"href":"https:\/\/diariodominicano.com\/index.php?rest_route=\/wp\/v2\/posts\/425731\/revisions\/425737"}],"wp:featuredmedia":[{"embeddable":true,"href":"https:\/\/diariodominicano.com\/index.php?rest_route=\/wp\/v2\/media\/425732"}],"wp:attachment":[{"href":"https:\/\/diariodominicano.com\/index.php?rest_route=%2Fwp%2Fv2%2Fmedia&parent=425731"}],"wp:term":[{"taxonomy":"category","embeddable":true,"href":"https:\/\/diariodominicano.com\/index.php?rest_route=%2Fwp%2Fv2%2Fcategories&post=425731"},{"taxonomy":"post_tag","embeddable":true,"href":"https:\/\/diariodominicano.com\/index.php?rest_route=%2Fwp%2Fv2%2Ftags&post=425731"}],"curies":[{"name":"wp","href":"https:\/\/api.w.org\/{rel}","templated":true}]}}