{"id":42570,"date":"2019-08-29T20:58:26","date_gmt":"2019-08-29T20:58:26","guid":{"rendered":"http:\/\/diariodominicano.ddns.net\/?p=42570"},"modified":"2019-08-29T20:58:26","modified_gmt":"2019-08-29T20:58:26","slug":"la-amazonia-otra-victima-de-la-ambicion-y-bestialidad-humana","status":"publish","type":"post","link":"https:\/\/diariodominicano.com\/?p=42570","title":{"rendered":"La Amazonia, \u00bfotra v\u00edctima de la ambici\u00f3n y bestialidad humana?"},"content":{"rendered":"<p><body><\/p>\n<p><strong>Diariodominicano.com<\/strong><\/p>\n<p><strong>Manuel D\u00edaz Aponte<\/strong><\/p>\n<\/p>\n<p>  Hago una pausa del \u00faltimo cap\u00edtulo de mi tesis sobre los aportes de las Cumbres Jefes de Estado Iberoamericanas que felizmente estoy finalizando para optar al t\u00edtulo de la Maestr\u00eda en Diplomacia y Relaciones Internacionales en la Universidad de la Tercera Edad. No pod\u00eda dejar de expresar mi profunda indignaci\u00f3n y tristeza por la desgracia ambiental en Brasil y Bolivia.<\/p>\n<\/p>\n<p>Me promet\u00ed a m\u00ed mismo, no escribir sobre otros temas hasta culminar mi investigaci\u00f3n, pero la magnitud de lo que est\u00e1 ocurriendo en el \u00abpulm\u00f3n del mundo\u00bb, me obliga a esta reflexi\u00f3n.<\/p>\n<\/p>\n<p>Imagin\u00e9monos que nos pasar\u00eda si nos faltara el aire que respiramos por algunos segundos en este mundo tan convulsionado, explotado, maltratado y terriblemente irrespetado.<\/p>\n<\/p>\n<p>Las im\u00e1genes de los bosques y animales quemados y la intensidad de las llamas esparcidas aceleradamente proyectan  verdaderamente un escenario grotesco, aterrador y cruelmente demostrativo del mundo anarquizado en el que vivimos y peor a\u00fan, para las futuras generaciones.<\/p>\n<\/p>\n<p>Un mundo donde los intereses pol\u00edticos y econ\u00f3micos se imponen por encima de la conservaci\u00f3n de nuestra flora y fauna, donde los recursos naturales pocos importan para quienes desde el poder destruyen el habitad m\u00e1s importante de la especie humana. \u00a1El planeta tierra, llora, y llora desconsoladamente!<\/p>\n<\/p>\n<p>Sin tierra no hay para\u00edso, pero mucho menos lo habr\u00e1 sin agua, sin vegetaci\u00f3n, sin oxigeno, sin alimentos, sin animales silvestres, en fin, sin vida, aunque sigamos \u00abteniendo vida\u00bb.<\/p>\n<\/p>\n<p>Hay temor entre la poblaci\u00f3n mundial sobre las consecuencias inmediatas que generar\u00e1 este desastre ecol\u00f3gico que tambi\u00e9n ha creado un enfrentamiento verbal entre los presidentes de Brasil, Jair Bolsonaro y de Francia, Emmanuel Macron.<\/p>\n<\/p>\n<p>El gobernante galo acus\u00f3 al mandatario brasile\u00f1o de mentir en cuanto a la realidad de los incendios en los bosques tropicales y est\u00e1 convencido de que no le interesa la preservaci\u00f3n de la regi\u00f3n de la Amazona.   <\/p>\n<\/p>\n<p>Bolsonaro, de su lado, dijo que la posici\u00f3n del mandatario franc\u00e9s obedece a un plan de naciones extranjeras que pretenden controlar la mayor reserva forestal del planeta.<\/p>\n<\/p>\n<p>Ahora bien, \u00bfes acaso el momento para disputarse la supremac\u00eda de un espacio terrenal que ciertamente nos pertenece a todos, y no a un gobierno o a instituciones internacionales?<\/p>\n<\/p>\n<p>Los ind\u00edgenas que viven all\u00ed son injustamente marginados y excluidos del debate, pero se olvida que son ellos, quienes precisamente los que mejor cuidan la naturaleza.<\/p>\n<\/p>\n<p>Los culpables del desastres actual son los gobiernos irresponsables que desde hace varios a\u00f1os descuidan la Amazonia y buscan afanosamente convertir ese impresionante lugar en un criadero de ganado, de construcci\u00f3n de viviendas lujosas en las monta\u00f1as y de explotaci\u00f3n de las inmensas minas de oro y otros metales preciosos que todav\u00eda se conservan en ese paradisiaco lugar.<\/p>\n<\/p>\n<p>Pero duele en el alma ver a los animales silvestres de la Amazonia correr despavoridos buscando alcanzar aire o agua ante la terrible amenaza de las copiosas humaredas que los persiguen, que los asfixian y les arrancan su existencia.<\/p>\n<\/p>\n<p><strong>Riqueza de Fauna y Vegetaci\u00f3n<\/strong><\/p>\n<\/p>\n<p>La regi\u00f3n de la Amazonia comprende una extensi\u00f3n de siete  millones de kil\u00f3metros cuadrados distribuidos entre Brasil, Per\u00fa, Bolivia, Colombia, Venezuela, Ecuador, Guyana, Francia (Guyana Francesa) y Surinam.<\/p>\n<\/p>\n<p>S\u00f3lo Brasil, tiene alrededor de 4 millones de km2 de extensi\u00f3n de la selva amaz\u00f3nica, es decir, el 65%. El territorio brasile\u00f1o es de 8.5 millones de Km2 y una poblaci\u00f3n de 207 millones de habitantes.<\/p>\n<\/p>\n<p>Seg\u00fan investigaciones desde 1970 hasta la fecha (sin incluir las consecuencias de los incendios actuales) el gigante suramericano ha perdido m\u00e1s de 700 mil Km2 de su \u00e1rea boscosa ante la indetenible deforestaci\u00f3n impulsada por las manos del hombre.<\/p>\n<\/p>\n<p>El cient\u00edfico e investigador de la Universidad de Sao Paulo, Carlos Nobre, entiende que un 30% de la zona boscosa de la Amazona ya ha sido deforestada para la extracci\u00f3n de maderas preciosas altamente demandas y cotizadas en los mercados internacionales.<\/p>\n<\/p>\n<p>Las principales ONGs del \u00e1mbito ambientalista de Brasil han reaccionado en contra de la pol\u00edtica del gobierno de Bolsonaro en lo que tiene que ver con el cuidado de los recursos naturales y de las especies marinas as\u00ed como de animales ex\u00f3ticos y salvajes en extinci\u00f3n.<\/p>\n<\/p>\n<p>Expertos ambientales anticipan que el desastre ecol\u00f3gico que hoy castiga cruelmente a la Amazonia podr\u00eda durar hasta 200 a\u00f1os para recobrar su normalidad.<\/p>\n<\/p>\n<p>Otros en cambio, sostienen que hay especies end\u00e9micas que irreversiblemente ya no podr\u00e1n ser recuperadas. El da\u00f1o est\u00e1 hecho.<\/p>\n<\/p>\n<p>Mi memoria recobra el espectacular horizonte vegetativo que desde las ventanillas del avi\u00f3n pude apreciar en varias ocasiones en que he tenido el privilegio de visitar Brasil, y contemplar la emblem\u00e1tica regi\u00f3n de la Amazona, epicentro indispensable para la vida humana.<\/p>\n<\/p>\n<p>Solo en Bolivia se estima que m\u00e1s de un mill\u00f3n de hect\u00e1reas fueron arrasadas por los incendios que a\u00fan persisten, mientras que el gobierno del presidente Evo Morales que aspira a un cuarto mandato consecutivo, es blanco de duras cr\u00edticas de las instituciones ambientalistas por entender que no ha actuado con la rapidez y determinaci\u00f3n que demandan las circunstancias.<\/p>\n<\/p>\n<p>Morales, primer descendiente de la raza ind\u00edgena en gobernar su pa\u00eds, lleva 12 a\u00f1os en el poder y pretende seguir hasta el 2025. Pero ya se anticipa que tendr\u00e1 serios obst\u00e1culos en las elecciones presidenciales de diciembre venidero ante el desastre medio ambiental que sacude a Bolivia.<\/p>\n<\/p>\n<p><strong>\u00bfReuni\u00f3n Urgente para proteger la Amazonia?    <\/strong><\/p>\n<\/p>\n<p>A instancia de los gobiernos de Colombia y Per\u00fa ser\u00e1 efectuada el viernes 6 de septiembre una reuni\u00f3n de urgencia entre gobernantes Suramericanos, cuyo tema central es la adopci\u00f3n de pol\u00edticas de Estado que aseguren la protecci\u00f3n de la Amazona.<\/p>\n<\/p>\n<p>Ser\u00e1 efectuada en la localidad de Leticia, territorio colombiano, seg\u00fan anunciaron los presidentes de Colombia, Iv\u00e1n Duque y del Per\u00fa, Mart\u00edn Vizcarra, para firmar un pacto y coordinar acciones tendentes a salvar el \u00abpulm\u00f3n del planeta\u00bb.     <\/p>\n<\/p>\n<p>Una pregunta, \u00bfacudir\u00e1 a ese encuentro el presidente de la Rep\u00fablica Bolivariana de Venezuela, Nicol\u00e1s Maduro?  Ya veremos.          <\/p>\n<\/p>\n<p>Articulo de Manuel D\u00edaz Aponte<\/p>\n<h6> 2019-08-29 20:58:26 <\/h6>\n<p><!--\n<link rel=\"stylesheet\" href=\"css\/bootstrap.min.css\">\n\n\n<ul class=\"pagination\">\n\t    \n\t\n\n<li >\n\t<a href='?page_no=556'>Previous<\/a>\n\t<\/li>\n\n\n       \n    \n\n<li><a href='?page_no=1'>1<\/a><\/li>\n\n\n\n<li><a href='?page_no=2'>2<\/a><\/li>\n\n\n\n<li><a>...<\/a><\/li>\n\n\n\n<li><a href='?page_no=555'>555<\/a><\/li>\n\n\n\n<li><a href='?page_no=556'>556<\/a><\/li>\n\n\n\n<li class='active'><a>557<\/a><\/li>\n\n\n\n<li><a href='?page_no=558'>558<\/a><\/li>\n\n\n\n<li><a href='?page_no=559'>559<\/a><\/li>\n\n\n\n<li><a>...<\/a><\/li>\n\n\n\n<li><a href='?page_no=13611'>13611<\/a><\/li>\n\n\n\n<li><a href='?page_no=13612'>13612<\/a><\/li>\n\n    \n\t\n\n<li >\n\t<a href='?page_no=558'>Next<\/a>\n\t<\/li>\n\n\n    \n\n<li><a href='?page_no=13612'>Last &rsaquo;&rsaquo;<\/a><\/li>\n\n<\/ul>\n\n\n--><br \/>\n<\/body><\/p>\n","protected":false},"excerpt":{"rendered":"<p>Diariodominicano.com Manuel D\u00edaz Aponte Hago una pausa del \u00faltimo cap\u00edtulo de mi tesis sobre los aportes de las Cumbres Jefes de Estado Iberoamericanas que felizmente estoy finalizando para optar al t\u00edtulo de la Maestr\u00eda en Diplomacia y Relaciones Internacionales en la Universidad de la Tercera Edad. No pod\u00eda dejar de expresar mi profunda indignaci\u00f3n y [&hellip;]<\/p>\n","protected":false},"author":3,"featured_media":0,"comment_status":"open","ping_status":"open","sticky":false,"template":"","format":"standard","meta":{"footnotes":""},"categories":[16],"tags":[],"class_list":["post-42570","post","type-post","status-publish","format-standard","hentry","category-opiniones"],"_links":{"self":[{"href":"https:\/\/diariodominicano.com\/index.php?rest_route=\/wp\/v2\/posts\/42570","targetHints":{"allow":["GET"]}}],"collection":[{"href":"https:\/\/diariodominicano.com\/index.php?rest_route=\/wp\/v2\/posts"}],"about":[{"href":"https:\/\/diariodominicano.com\/index.php?rest_route=\/wp\/v2\/types\/post"}],"author":[{"embeddable":true,"href":"https:\/\/diariodominicano.com\/index.php?rest_route=\/wp\/v2\/users\/3"}],"replies":[{"embeddable":true,"href":"https:\/\/diariodominicano.com\/index.php?rest_route=%2Fwp%2Fv2%2Fcomments&post=42570"}],"version-history":[{"count":0,"href":"https:\/\/diariodominicano.com\/index.php?rest_route=\/wp\/v2\/posts\/42570\/revisions"}],"wp:attachment":[{"href":"https:\/\/diariodominicano.com\/index.php?rest_route=%2Fwp%2Fv2%2Fmedia&parent=42570"}],"wp:term":[{"taxonomy":"category","embeddable":true,"href":"https:\/\/diariodominicano.com\/index.php?rest_route=%2Fwp%2Fv2%2Fcategories&post=42570"},{"taxonomy":"post_tag","embeddable":true,"href":"https:\/\/diariodominicano.com\/index.php?rest_route=%2Fwp%2Fv2%2Ftags&post=42570"}],"curies":[{"name":"wp","href":"https:\/\/api.w.org\/{rel}","templated":true}]}}