{"id":425473,"date":"2023-03-20T14:18:10","date_gmt":"2023-03-20T18:18:10","guid":{"rendered":"http:\/\/diariodominicano.com\/?p=425473"},"modified":"2023-03-20T14:18:10","modified_gmt":"2023-03-20T18:18:10","slug":"policia-nacional-apresa-8-personas-por-diferentes-delitos-en-la-region-cibao-central","status":"publish","type":"post","link":"https:\/\/diariodominicano.com\/?p=425473","title":{"rendered":"Polic\u00eda Nacional apresa 8 personas por diferentes delitos en la regi\u00f3n Cibao Central."},"content":{"rendered":"\n<p>diariodominicano.com<\/p>\n\n\n\n<p><strong>Decomisan&nbsp;&nbsp;m\u00e1s de 100 porciones de diferentes tipos de drogas, ocupan balanza, radio de comunicaci\u00f3n casera, recuperan 2 veh\u00edculos,&nbsp;1 motocicleta y pertenencias sustra\u00eddas a sus propietarios.<\/strong><\/p>\n\n\n\n<p><strong>Santiago, R.D., 20 de Marzo 2023.-<\/strong>En su fiel compromiso de fortalecer la seguridad ciudadana, miembro de la&nbsp;&nbsp;Polic\u00eda Preventiva apresaron ocho personas por varios hechos delictivos durante el accionar desplegado en diversos sectores de la regi\u00f3n del Cibao Central.<\/p>\n\n\n\n<p>El informe policial detalla que de las personas detenidas, cuatro fueron por robo y 4 por drogas.<\/p>\n\n\n\n<p><br>Entre los detenidos figuran,&nbsp;Carlos Manuel D\u00edaz Rodr\u00edguez, alias Buj\u00eda, 27 a\u00f1os de edad, Roberto Rodr\u00edguez, alias Robertico, 32 a\u00f1os de edad,&nbsp;&nbsp;Manuel Betances, de 19 a\u00f1os, el nacional haitiano Jos\u00e9 Luis Doseli, de 44 a\u00f1os, y un menor de edad, por robos en casa habitadas y despojos de pertenencias a ciudadanos en la v\u00eda p\u00fablica.<\/p>\n\n\n\n<p>Tambi\u00e9n fue apresado, H\u00e9ctor Silverio Corniel, de 18 a\u00f1os,&nbsp;al cual se le ocupo en el interior de un bulto negro,&nbsp;una porci\u00f3n de un polvo blanco presumiblemente coca\u00edna,&nbsp;una porci\u00f3n de un material rocoso presumiblemente crack,&nbsp;una balanza, un radio de comunicaci\u00f3n y la suma de&nbsp;RD$1,400 pesos.<\/p>\n\n\n\n<p>En otro hecho, Divary Antonio Liz Espaillat, fue apresado en el barrio La Yuquita, del sector Los Jazmines, ocup\u00e1ndoles 18 porciones de un vegetal del cual se presume es marihuana y seis porciones de un material rocoso que por su caracter\u00edstica se presume es crack.<\/p>\n\n\n\n<p>Tambi\u00e9n resultaron detenidos, Edwin Ventura Tavares, 26 a\u00f1os de edad y Wilson Gonz\u00e1lez, de 27, apresados en&nbsp;&nbsp;la calle Camboyita, ocup\u00e1ndole al segundo, 59 porciones de un polvo blanco presumiblemente coca\u00edna y 66&nbsp;&nbsp;porciones de un vegetal&nbsp;&nbsp;verde presumiblemente marihuana.<\/p>\n\n\n\n<p>Mientras que los veh\u00edculos recuperados son el Toyota Highlander, color negro, placa&nbsp;&nbsp;G429968<strong>;<\/strong>&nbsp;el carro&nbsp;&nbsp;Kia, modelo K5, color blanco, placa&nbsp;&nbsp;A788266 y la motocicleta marca Dayun, modelo DY200-26A, color blanco, placa&nbsp;&nbsp;K2182953.<\/p>\n\n\n\n<p>Dichos veh\u00edculos al ser depurado en nuestro sistema de c\u00f3mputos figuran como sustra\u00eddos a sus propietarios.<\/p>\n\n\n\n<p>En cuanto a los apresados y ocupado se encuentran en poder del Ministerio P\u00fablico para los fines correspondiente de ley.<\/p>\n\n\n\n<p>Fuente:  <strong>OFICINA DE INFORMACI\u00d3N Y COMUNICACIONES ESTRAT\u00c9GICAS DIRECCI\u00d3N REGIONAL CIBAO CENTRAL DE LA POLIC\u00cdA NACIONAL<\/strong><\/p>\n","protected":false},"excerpt":{"rendered":"<p>diariodominicano.com Decomisan&nbsp;&nbsp;m\u00e1s de 100 porciones de diferentes tipos de drogas, ocupan balanza, radio de comunicaci\u00f3n casera, recuperan 2 veh\u00edculos,&nbsp;1 motocicleta y pertenencias sustra\u00eddas a sus propietarios. Santiago, R.D., 20 de Marzo 2023.-En su fiel compromiso de fortalecer la seguridad ciudadana, miembro de la&nbsp;&nbsp;Polic\u00eda Preventiva apresaron ocho personas por varios hechos delictivos durante el accionar desplegado [&hellip;]<\/p>\n","protected":false},"author":5,"featured_media":425474,"comment_status":"closed","ping_status":"","sticky":true,"template":"","format":"standard","meta":{"footnotes":""},"categories":[29,27],"tags":[],"class_list":["post-425473","post","type-post","status-publish","format-standard","has-post-thumbnail","hentry","category-policiasucesos","category-portada"],"_links":{"self":[{"href":"https:\/\/diariodominicano.com\/index.php?rest_route=\/wp\/v2\/posts\/425473","targetHints":{"allow":["GET"]}}],"collection":[{"href":"https:\/\/diariodominicano.com\/index.php?rest_route=\/wp\/v2\/posts"}],"about":[{"href":"https:\/\/diariodominicano.com\/index.php?rest_route=\/wp\/v2\/types\/post"}],"author":[{"embeddable":true,"href":"https:\/\/diariodominicano.com\/index.php?rest_route=\/wp\/v2\/users\/5"}],"replies":[{"embeddable":true,"href":"https:\/\/diariodominicano.com\/index.php?rest_route=%2Fwp%2Fv2%2Fcomments&post=425473"}],"version-history":[{"count":1,"href":"https:\/\/diariodominicano.com\/index.php?rest_route=\/wp\/v2\/posts\/425473\/revisions"}],"predecessor-version":[{"id":425475,"href":"https:\/\/diariodominicano.com\/index.php?rest_route=\/wp\/v2\/posts\/425473\/revisions\/425475"}],"wp:featuredmedia":[{"embeddable":true,"href":"https:\/\/diariodominicano.com\/index.php?rest_route=\/wp\/v2\/media\/425474"}],"wp:attachment":[{"href":"https:\/\/diariodominicano.com\/index.php?rest_route=%2Fwp%2Fv2%2Fmedia&parent=425473"}],"wp:term":[{"taxonomy":"category","embeddable":true,"href":"https:\/\/diariodominicano.com\/index.php?rest_route=%2Fwp%2Fv2%2Fcategories&post=425473"},{"taxonomy":"post_tag","embeddable":true,"href":"https:\/\/diariodominicano.com\/index.php?rest_route=%2Fwp%2Fv2%2Ftags&post=425473"}],"curies":[{"name":"wp","href":"https:\/\/api.w.org\/{rel}","templated":true}]}}