{"id":42526,"date":"2019-09-02T02:04:24","date_gmt":"2019-09-02T02:04:24","guid":{"rendered":"http:\/\/diariodominicano.ddns.net\/?p=42526"},"modified":"2019-09-02T02:04:24","modified_gmt":"2019-09-02T02:04:24","slug":"a-pleno-sollos-grupos-populares","status":"publish","type":"post","link":"https:\/\/diariodominicano.com\/?p=42526","title":{"rendered":"A Pleno Sol&#13;&#13;Los grupos populares"},"content":{"rendered":"<p><body><\/p>\n<p><strong>Por Manuel Hern\u00e1ndez Villeta<\/strong><\/p>\n<\/p>\n<p>Tenemos que hacer un alto al camino y ver por  donde se ha ido la pol\u00edtica peque\u00f1a. La fuerza que deviene de los clubes culturales y deportivos, de las juntas de vecinos, de los grupos populares se perdi\u00f3. La sociedad civil est\u00e1 dise\u00f1ada para tratar los problemas que se discuten con saco y corbata, pero no a nivel de ventorrillo de la esquina.<\/p>\n<\/p>\n<p>Tienen que haber grupos sociales que proclamen las desigualdades, y sobre todo la pol\u00edtico del detalle. En una ocasi\u00f3n, y puede ser as\u00ed todav\u00eda,  el pan con salchich\u00f3n hac\u00eda ganar o perder unas elecciones. Los aumentos de precios de art\u00edculos de la canasta b\u00e1sica generaban pobladas y perdidas de voto en el pasado.<\/p>\n<\/p>\n<p> Los grupos populares y las juntas de vecinos han ido perdiendo su espacio en el panorama nacional. La crisis social en la que se fundamentan las tareas de lucha de esos estamentos le ha ido pasando por arriba.<\/p>\n<\/p>\n<p>Solo se ven los paros en la l\u00ednea noroeste y Licey al Medio, pero en las dem\u00e1s comunidades las organizaciones populares son parte del olvido. No deber\u00eda  ser as\u00ed. Estos grupos constituyen la voz de los desamparados.<\/p>\n<\/p>\n<p>Pero carecen de organizaci\u00f3n, de liderazgo, de sectores que los pongan en la zona del trabajo social. La vieja m\u00edstica  de los grupos populares se perdi\u00f3 con la desaparici\u00f3n de Joaqu\u00edn Balaguer.<\/p>\n<\/p>\n<p>Mucho hicieron de Balaguer su enemigo preferido, y se descuidaron con guardar fuerzas para las pr\u00f3ximas luchas. Hoy hay serios problemas de marginalidad, de hambre, de miseria, pero nadie al parecer tiene fuerzas para llevar a cabo las pertinentes denuncias.<\/p>\n<\/p>\n<p>Las juntas de vecinos se deben reorganizar. Comenzar con peque\u00f1os ejercicios  de que se reparen las calles, mejoramiento del servicio de agua potable, asistencia para atender a envejecientes y cooperaci\u00f3n con las autoridades para detener la delincuencia. De ah\u00ed podr\u00edan saltar a los temas sociales, como ser\u00eda  ser vigilantes para que los comerciantes no abusen con los precios del alto costo de la vida.<\/p>\n<\/p>\n<p>Sin organizaciones populares fuertes y que jueguen su papel, no habr\u00e1 reivindicaciones sociales. Los pol\u00edticos se ocupan de la supra estructura, y lo que se puede considerar  cosas peque\u00f1as, que son las que dan el triunfo electoral, solo entran al debate cada cuatro a\u00f1os. Hora de comenzar la pol\u00edtica desde el callej\u00f3n, hasta los salones con aire acondicionado y estrategias de te\u00f3ricos de capuchinos y pipa sin tabaco. \u00a1Ay!, se me acab\u00f3 la tinta.<\/p>\n<\/p>\n<h6> 2019-09-02 02:04:24 <\/h6>\n<p><!--\n<link rel=\"stylesheet\" href=\"css\/bootstrap.min.css\">\n\n\n<ul class=\"pagination\">\n\t    \n\t\n\n<li >\n\t<a href='?page_no=552'>Previous<\/a>\n\t<\/li>\n\n\n       \n    \n\n<li><a href='?page_no=1'>1<\/a><\/li>\n\n\n\n<li><a href='?page_no=2'>2<\/a><\/li>\n\n\n\n<li><a>...<\/a><\/li>\n\n\n\n<li><a href='?page_no=551'>551<\/a><\/li>\n\n\n\n<li><a href='?page_no=552'>552<\/a><\/li>\n\n\n\n<li class='active'><a>553<\/a><\/li>\n\n\n\n<li><a href='?page_no=554'>554<\/a><\/li>\n\n\n\n<li><a href='?page_no=555'>555<\/a><\/li>\n\n\n\n<li><a>...<\/a><\/li>\n\n\n\n<li><a href='?page_no=13611'>13611<\/a><\/li>\n\n\n\n<li><a href='?page_no=13612'>13612<\/a><\/li>\n\n    \n\t\n\n<li >\n\t<a href='?page_no=554'>Next<\/a>\n\t<\/li>\n\n\n    \n\n<li><a href='?page_no=13612'>Last &rsaquo;&rsaquo;<\/a><\/li>\n\n<\/ul>\n\n\n--><br \/>\n<\/body><\/p>\n","protected":false},"excerpt":{"rendered":"<p>Por Manuel Hern\u00e1ndez Villeta Tenemos que hacer un alto al camino y ver por donde se ha ido la pol\u00edtica peque\u00f1a. La fuerza que deviene de los clubes culturales y deportivos, de las juntas de vecinos, de los grupos populares se perdi\u00f3. La sociedad civil est\u00e1 dise\u00f1ada para tratar los problemas que se discuten con [&hellip;]<\/p>\n","protected":false},"author":3,"featured_media":0,"comment_status":"open","ping_status":"open","sticky":false,"template":"","format":"standard","meta":{"footnotes":""},"categories":[16],"tags":[],"class_list":["post-42526","post","type-post","status-publish","format-standard","hentry","category-opiniones"],"_links":{"self":[{"href":"https:\/\/diariodominicano.com\/index.php?rest_route=\/wp\/v2\/posts\/42526","targetHints":{"allow":["GET"]}}],"collection":[{"href":"https:\/\/diariodominicano.com\/index.php?rest_route=\/wp\/v2\/posts"}],"about":[{"href":"https:\/\/diariodominicano.com\/index.php?rest_route=\/wp\/v2\/types\/post"}],"author":[{"embeddable":true,"href":"https:\/\/diariodominicano.com\/index.php?rest_route=\/wp\/v2\/users\/3"}],"replies":[{"embeddable":true,"href":"https:\/\/diariodominicano.com\/index.php?rest_route=%2Fwp%2Fv2%2Fcomments&post=42526"}],"version-history":[{"count":0,"href":"https:\/\/diariodominicano.com\/index.php?rest_route=\/wp\/v2\/posts\/42526\/revisions"}],"wp:attachment":[{"href":"https:\/\/diariodominicano.com\/index.php?rest_route=%2Fwp%2Fv2%2Fmedia&parent=42526"}],"wp:term":[{"taxonomy":"category","embeddable":true,"href":"https:\/\/diariodominicano.com\/index.php?rest_route=%2Fwp%2Fv2%2Fcategories&post=42526"},{"taxonomy":"post_tag","embeddable":true,"href":"https:\/\/diariodominicano.com\/index.php?rest_route=%2Fwp%2Fv2%2Ftags&post=42526"}],"curies":[{"name":"wp","href":"https:\/\/api.w.org\/{rel}","templated":true}]}}