{"id":42515,"date":"2019-09-02T02:11:16","date_gmt":"2019-09-02T02:11:16","guid":{"rendered":"http:\/\/diariodominicano.ddns.net\/?p=42515"},"modified":"2019-09-02T02:11:16","modified_gmt":"2019-09-02T02:11:16","slug":"greta-thunberg-frances-crowe-y-el-traspaso-de-la-antorcha","status":"publish","type":"post","link":"https:\/\/diariodominicano.com\/?p=42515","title":{"rendered":"Greta Thunberg, Frances Crowe y el traspaso de la antorcha"},"content":{"rendered":"<p><body><\/p>\n<p><strong>Amy Goodman y Denis Moynihan<\/strong><\/p>\n<\/p>\n<p>El mi\u00e9rcoles, la activista clim\u00e1tica sueca de 16 a\u00f1os de edad Greta Thunberg ancl\u00f3 en el puerto de Nueva York tras un viaje transatl\u00e1ntico de dos semanas de duraci\u00f3n que tuvo varios momentos tortuosos. Greta predica con el ejemplo: vive su vida tratando de dejar la huella de carbono m\u00e1s peque\u00f1a posible. Decidi\u00f3 renunciar a volar como parte de ese compromiso; por ello, para ir de Europa a Am\u00e9rica del Norte, naveg\u00f3 en un velero de competici\u00f3n que no emite carbono.<\/p>\n<\/p>\n<p>El martes, un d\u00eda antes de la llegada de Greta a Nueva York, otra activista termin\u00f3 una destacable traves\u00eda. Frances Crowe, activista por la paz de larga trayectoria, falleci\u00f3 en su casa en el oeste de Massachusetts, rodeada de su familia, a los cien a\u00f1os de edad. Frances era una revoltosa incansable, una guerrera por la justicia que abrazaba la no violencia. Fue arrestada innumerables veces en protestas contra la guerra, las armas nucleares y las centrales nucleares, entre otras causas.<\/p>\n<\/p>\n<p>La partida de una activista de edad avanzada en la v\u00edspera de la llegada de otra tan joven simboliza, con un sentimiento agridulce, el traspaso de una antorcha.<\/p>\n<p>Frances Crowe naci\u00f3 pocos meses despu\u00e9s del fin de la Primera Guerra Mundial. En sus memorias, \u00abFinding My Radical Soul\u00bb (\u00abEn busca de mi alma radical\u00bb, en espa\u00f1ol), escribi\u00f3: \u00abMi madre me dijo que me llev\u00f3 a mi primera marcha cuando los soldados llegaron a casa. Era tan solo una beb\u00e9, pero siempre tuve la sensaci\u00f3n de que la guerra ha definido mi vida\u00bb.<\/p>\n<\/p>\n<p>Su esposo, Tom, era m\u00e9dico. En una entrevista para \u00abDemocracy Now!\u00bb del a\u00f1o 2005, Frances describi\u00f3 un momento crucial en su vida, el 6 de agosto de 1945, cuando Estados Unidos lanz\u00f3 la bomba at\u00f3mica sobre Hiroshima: \u00abYo estaba reci\u00e9n casada. Mi esposo estaba en el cuerpo m\u00e9dico del ej\u00e9rcito. Me hab\u00eda dicho unas semanas antes que hab\u00eda o\u00eddo rumores de que est\u00e1bamos desarrollando esta arma incre\u00edble. \u00c9l estaba en el mar cuando tiramos la bomba y yo estaba sola en nuestro departamento de Nueva Orleans. Cuando escuch\u00e9 la noticia en la radio, desenchuf\u00e9 la plancha, dej\u00e9 el mantel que estaba planchando y sal\u00ed por las calles de Nueva Orleans a buscar un centro de activismo por la paz\u00bb.<\/p>\n<\/p>\n<p>Desde ese d\u00eda, con 26 a\u00f1os, hasta su muerte, Frances Crowe nunca cedi\u00f3 en su lucha por la paz y la justicia. Integr\u00f3 los comit\u00e9s de resistencia fiscal contra la guerra que se negaban a pagar impuestos para cubrir el creciente presupuesto del Pent\u00e1gono. Estuvo en contra del apartheid sudafricano y de la intervenci\u00f3n estadounidense en Centroam\u00e9rica en la d\u00e9cada de 1980. Tambi\u00e9n se opuso a las invasiones a Irak y Afganist\u00e1n en los a\u00f1os 2000. Trep\u00f3 la cerca del Dep\u00f3sito del Ej\u00e9rcito de S\u00e9neca y fue arrestada por derramar su propia sangre en un submarino nuclear Trident reci\u00e9n construido justo antes de su traslado a Connecticut para la ceremonia de botaci\u00f3n.<\/p>\n<\/p>\n<p>El mi\u00e9rcoles, en el muelle North Cove Marina de Manhattan, se vio llegar otro tipo de embarcaci\u00f3n.<\/p>\n<\/p>\n<p>Cientos de j\u00f3venes activistas clim\u00e1ticos vitorearon cuando Greta desembarc\u00f3 y pis\u00f3 tierra firme por primera vez en dos semanas.<\/p>\n<\/p>\n<p>Al abrir su conferencia de prensa, expres\u00f3: \u00abTodav\u00eda siento que el suelo est\u00e1 temblando\u00bb. Luego continu\u00f3: \u00abEl cambio clim\u00e1tico es una crisis ecol\u00f3gica global, la mayor crisis que la humanidad haya enfrentado. Y si no logramos cooperar, trabajar juntos a pesar de nuestras diferencias, fallaremos. Por eso debemos unirnos y apoyarnos y tomar medidas, porque de lo contrario podr\u00eda ser demasiado tarde. No esperemos m\u00e1s. Hag\u00e1moslo ahora\u00bb.<\/p>\n<\/p>\n<p>Conocimos a la joven activista en la cumbre sobre cambio clim\u00e1tico de la ONU en Katowice, Polonia, en diciembre del a\u00f1o pasado. Greta tiene s\u00edndrome de Asperger. A causa de esto, explic\u00f3 en una entrevista para \u00abDemocracy Now!\u00bb: \u00abYo funciono de una forma un poco distinta a los dem\u00e1s. Veo las cosas en blanco y negro. Entonces, supongo que pude ver el mundo con una perspectiva diferente\u00bb.<\/p>\n<\/p>\n<p>Greta comenz\u00f3 un d\u00eda a enfocarse cada vez con mayor atenci\u00f3n en el empeoramiento de la crisis clim\u00e1tica. Lleg\u00f3 incluso a sufrir de una abrumadora depresi\u00f3n alrededor de los 11 a\u00f1os. En la conferencia de prensa del mi\u00e9rcoles, a su llegada a Nueva York, otro joven activista le pregunt\u00f3 qu\u00e9 edad ten\u00eda cuando empez\u00f3 su activismo. Greta cont\u00f3 un poco de su vida: \u00abDescubr\u00ed este problema cuando ten\u00eda unos 7, 8 o 9 a\u00f1os. Y luego me di cuenta de que era algo realmente muy malo. Y comenc\u00e9 a leer sobre el tema cada vez m\u00e1s. Y cuando ten\u00eda 11 a\u00f1os me deprim\u00ed. Y una de las grandes causas de esa depresi\u00f3n fue la crisis clim\u00e1tica, porque sent\u00ed que no hab\u00eda esperanza y que no hab\u00eda nada que pudi\u00e9ramos hacer y nadie estaba haciendo nada. Sal\u00ed de esa depresi\u00f3n prometi\u00e9ndome que har\u00eda todo lo posible para cambiar las cosas. Y eso es lo que comenc\u00e9 a hacer. Y comenc\u00e9 a ir a marchas y manifestaciones, y a unirme a organizaciones y cosas as\u00ed. Pero segu\u00eda pensando que las cosas iban demasiado lento, que nada estaba cambiando realmente. As\u00ed que, en cierto modo, estaba desesperada por intentar algo, cualquier cosa. Y entonces surgi\u00f3 la idea de la huelga escolar. Y luego pens\u00e9 ?s\u00ed, podr\u00eda intentarlo y ver si funciona. Y si no es as\u00ed, intentar\u00e9 otra cosa?. Y entonces lo hice y muy r\u00e1pidamente se volvi\u00f3 algo enorme\u00bb.<\/p>\n<\/p>\n<p>Esa determinaci\u00f3n la llev\u00f3 a lanzar una huelga escolar por el clima. Faltaba a la escuela todos los viernes para instalarse frente al parlamento sueco exigiendo medidas para prevenir un cambio clim\u00e1tico catastr\u00f3fico. Su protesta se extendi\u00f3 y r\u00e1pidamente se volvi\u00f3 global. Cientos de miles de escolares en todo el mundo han participado en sus propias huelgas escolares locales en defensa del clima.<\/p>\n<\/p>\n<p>Este viernes, Greta se unir\u00e1 a los j\u00f3venes activistas de Nueva York en su huelga mensual frente a la sede de Naciones Unidas. El 20 de septiembre tendr\u00e1 lugar una huelga mundial por el clima, que se espera sea una de las mayores protestas mundiales de la historia. Despu\u00e9s de eso, Greta emprender\u00e1 su camino hacia la pr\u00f3xima cumbre de la ONU sobre el cambio clim\u00e1tico en Santiago, Chile, en diciembre. Para llegar hasta all\u00ed, explic\u00f3 lo siguiente: \u00abVoy a intentar llegar hasta ah\u00ed pero sin volar, por supuesto, as\u00ed que habr\u00e1 un mont\u00f3n de trenes, autobuses y probablemente embarcaciones tambi\u00e9n\u00bb.<\/p>\n<\/p>\n<p>El trabajo de Greta como activista apenas comienza. Ella es un ejemplo vivo de lo que dijo Frances Crowe hace no mucho tiempo: \u00abTambi\u00e9n hay algo m\u00e1s en la vida, la alegr\u00eda de la lucha, que no ha sido experimentada por la suficiente cantidad de personas. La alegr\u00eda comunitaria y la alegr\u00eda de la cooperaci\u00f3n, en lugar de la competencia; estos son los valores que quiero perpetuar y compartir con los j\u00f3venes\u00bb.<\/p>\n<\/p>\n<p>Frances Crowe, descansa en poder. Greta Thunberg, que cargues la antorcha por un largo tiempo.<\/p>\n<\/p>\n<p>Columna30 DE AGOSTO DE 2019<\/p>\n<p>Column default<\/p>\n<p>EscucheOtros formatos<\/p>\n<p>TEMAS<\/p>\n<p>Cambio clim\u00e1tico<\/p>\n<p>Paz<\/p>\n<p>Energ\u00eda Nuclear<\/p>\n<p>Armas Nucleares<\/p>\n<p>Estas noticias son patrocinadas por nuestra audiencia.<\/p>\n<p>DONAR<\/p>\n<\/p>\n<p>\u00a9 2019 Amy Goodman<\/p>\n<\/p>\n<p>Traducci\u00f3n al espa\u00f1ol del texto en ingl\u00e9s: In\u00e9s Coira. Edici\u00f3n: Mar\u00eda Eva Blotta y Democracy Now! en espa\u00f1ol, spanish@democracynow.org<\/p>\n<\/p>\n<p>Amy Goodman es la conductora de Democracy Now!, un noticiero internacional que se emite diariamente en m\u00e1s de 800 emisoras de radio y televisi\u00f3n en ingl\u00e9s y en m\u00e1s de 450 en espa\u00f1ol. Es co-autora del libro \u00abLos que luchan contra el sistema: H\u00e9roes ordinarios en tiempos extraordinarios en Estados Unidos\u00bb, editado por Le Monde Diplomatique Cono Sur.<\/p>\n<\/p>\n<h6> 2019-09-02 02:11:16 <\/h6>\n<p><!--\n<link rel=\"stylesheet\" href=\"css\/bootstrap.min.css\">\n\n\n<ul class=\"pagination\">\n\t    \n\t\n\n<li >\n\t<a href='?page_no=551'>Previous<\/a>\n\t<\/li>\n\n\n       \n    \n\n<li><a href='?page_no=1'>1<\/a><\/li>\n\n\n\n<li><a href='?page_no=2'>2<\/a><\/li>\n\n\n\n<li><a>...<\/a><\/li>\n\n\n\n<li><a href='?page_no=550'>550<\/a><\/li>\n\n\n\n<li><a href='?page_no=551'>551<\/a><\/li>\n\n\n\n<li class='active'><a>552<\/a><\/li>\n\n\n\n<li><a href='?page_no=553'>553<\/a><\/li>\n\n\n\n<li><a href='?page_no=554'>554<\/a><\/li>\n\n\n\n<li><a>...<\/a><\/li>\n\n\n\n<li><a href='?page_no=13611'>13611<\/a><\/li>\n\n\n\n<li><a href='?page_no=13612'>13612<\/a><\/li>\n\n    \n\t\n\n<li >\n\t<a href='?page_no=553'>Next<\/a>\n\t<\/li>\n\n\n    \n\n<li><a href='?page_no=13612'>Last &rsaquo;&rsaquo;<\/a><\/li>\n\n<\/ul>\n\n\n--><br \/>\n<\/body><\/p>\n","protected":false},"excerpt":{"rendered":"<p>Amy Goodman y Denis Moynihan El mi\u00e9rcoles, la activista clim\u00e1tica sueca de 16 a\u00f1os de edad Greta Thunberg ancl\u00f3 en el puerto de Nueva York tras un viaje transatl\u00e1ntico de dos semanas de duraci\u00f3n que tuvo varios momentos tortuosos. Greta predica con el ejemplo: vive su vida tratando de dejar la huella de carbono m\u00e1s [&hellip;]<\/p>\n","protected":false},"author":3,"featured_media":0,"comment_status":"open","ping_status":"open","sticky":false,"template":"","format":"standard","meta":{"footnotes":""},"categories":[16],"tags":[],"class_list":["post-42515","post","type-post","status-publish","format-standard","hentry","category-opiniones"],"_links":{"self":[{"href":"https:\/\/diariodominicano.com\/index.php?rest_route=\/wp\/v2\/posts\/42515","targetHints":{"allow":["GET"]}}],"collection":[{"href":"https:\/\/diariodominicano.com\/index.php?rest_route=\/wp\/v2\/posts"}],"about":[{"href":"https:\/\/diariodominicano.com\/index.php?rest_route=\/wp\/v2\/types\/post"}],"author":[{"embeddable":true,"href":"https:\/\/diariodominicano.com\/index.php?rest_route=\/wp\/v2\/users\/3"}],"replies":[{"embeddable":true,"href":"https:\/\/diariodominicano.com\/index.php?rest_route=%2Fwp%2Fv2%2Fcomments&post=42515"}],"version-history":[{"count":0,"href":"https:\/\/diariodominicano.com\/index.php?rest_route=\/wp\/v2\/posts\/42515\/revisions"}],"wp:attachment":[{"href":"https:\/\/diariodominicano.com\/index.php?rest_route=%2Fwp%2Fv2%2Fmedia&parent=42515"}],"wp:term":[{"taxonomy":"category","embeddable":true,"href":"https:\/\/diariodominicano.com\/index.php?rest_route=%2Fwp%2Fv2%2Fcategories&post=42515"},{"taxonomy":"post_tag","embeddable":true,"href":"https:\/\/diariodominicano.com\/index.php?rest_route=%2Fwp%2Fv2%2Ftags&post=42515"}],"curies":[{"name":"wp","href":"https:\/\/api.w.org\/{rel}","templated":true}]}}