{"id":42504,"date":"2019-09-02T02:17:38","date_gmt":"2019-09-02T02:17:38","guid":{"rendered":"http:\/\/diariodominicano.ddns.net\/?p=42504"},"modified":"2019-09-02T02:17:38","modified_gmt":"2019-09-02T02:17:38","slug":"hermosa-oportunidad-para-deslindarse","status":"publish","type":"post","link":"https:\/\/diariodominicano.com\/?p=42504","title":{"rendered":"\u00a1HERMOSA OPORTUNIDAD &#13;PARA DESLINDARSE!"},"content":{"rendered":"<p><body><\/p>\n<p><strong>FRANKLIN ALMEYDA RANCIER<\/strong><\/p>\n<\/p>\n<p>Las primarias a celebrarse el 6 de octubre, constituyen una agradable ocasi\u00f3n para marcar los l\u00edmites existentes entre lo que debe seguir haciendo el PLD y lo que debe dejar de hacer. Es una oportuna ocasi\u00f3n para deslindar campos de comportamientos.<\/p>\n<\/p>\n<p>Como organizaci\u00f3n pol\u00edtica fundada con objetivos bien definidos, su comportamiento general la  ha perturbado y se ha formado una bruma que permite ocultar desfigurados, para confundirlos con figuras. Esta confusi\u00f3n est\u00e1 a la vista al  surgir dirigentes con cierta tradici\u00f3n como aspirantes a ser candidatos presidenciales y, entre ellos, surge una Hidra.<\/p>\n<\/p>\n<p>Para entender el surgimiento de la Hidra, se hace necesario referirnos a la mitolog\u00eda cl\u00e1sica. En la mitolog\u00eda griega, la Hidra de Lerma era un monstruo acu\u00e1tico feroz y despiadado, parecido a una serpiente polic\u00e9falica (de tres a nueve y incluso cien cabezas), con aliento venenoso. La Hidra ten\u00eda la propiedad de crearse dos o tres cabezas m\u00e1s, por cada una que le fuera cortada. Se guarec\u00eda en el lago de Lerna, en el golfo de de Arg\u00f3lida, Nauplia, lugar anterior a Argos.<\/p>\n<\/p>\n<p>H\u00e9rcules mat\u00f3 la Hidra en el segundo de sus doce trabajos. H\u00e9rcules era en la mitolog\u00eda romana el equivalente a Heracles en la mitolog\u00eda griega. Hijo de J\u00fapiter, igual al dios griego Zeus.<\/p>\n<\/p>\n<p>La Hidra ha sido tirada al agua y aquellos dirigentes con cierta tradici\u00f3n han sido forzados a orillarse y empezar a salir del lago. Sus retiros son m\u00e1s que justificados, permanecer ser\u00eda servir de alimento a la Hidra de muchas cabezas.<\/p>\n<\/p>\n<p>S\u00f3lo quien acumul\u00f3 la fuerza del pueblo y conserva el vigor para destrozar la Hidra, con la efectividad de H\u00e9rcules, podr\u00e1 despejar las aguas y recuperar el Lago de Lerna.<\/p>\n<\/p>\n<p>Estas aguas no son para monstruos bic\u00e9falos de ayer, ni  narcos piratas de hoy. Los tiempos son para dejar despejada la libertad y la convivencia democr\u00e1tica.<\/p>\n<\/p>\n<p>El 6 de octubre el pueblo podr\u00e1 concurrir a un evento de participaci\u00f3n democr\u00e1tica, civilizada y de deslinde de la conducta en la actividad pol\u00edtica. Se trata de rencausar un proceso de desarrollo, crecimiento sostenido e inclusi\u00f3n social, en plena y leg\u00edtima democracia.<\/p>\n<\/p>\n<p>El poder es el pueblo, no es el Palacio. El Palacio es mandatario, enti\u00e9ndase, mandado a gobernar. Quien lo manda es el pueblo y lo hace a trav\u00e9s de procesos electorales, pero tambi\u00e9n \u00e9l  revoca esos mandatos. <\/p>\n<\/p>\n<p>Confundirse mandando y creer que desde el poder todo se puede o se hace lo que conviene, constituye una suplantaci\u00f3n de las normas b\u00e1sicas del r\u00e9gimen democr\u00e1tico y deriva en la creaci\u00f3n de un ambiente de ingobernabilidad.<\/p>\n<\/p>\n<p>Crear una Hidra de cien cabezas y lanzarla en el lago de la democracia dominicana, es inaceptable y la prudencia aconseja respetar las normas y reglas constitucionales y legales, para que la competencia sea en igualdad de oportunidades. <\/p>\n<\/p>\n<p>Olvidar que los pueblos crean su mitolog\u00eda al tiempo que sus tradiciones, es lo mismo que ignorar que las causas son encarnadas por figuras hist\u00f3ricas que terminan destrozando las Hidras que son creadas para ahuyentar a los d\u00e9biles, pero terminan desafiando a figuras que como H\u00e9rcules encarnan el valor, la decisi\u00f3n y firmeza de los pueblos.<\/p>\n<\/p>\n<p>Si el Palacio no se ha dado cuenta, las primarias ser\u00e1n un vuelco del pueblo para deslindar las conductas pol\u00edticas y sin retaliaci\u00f3n enderezar el camino.<\/p>\n<\/p>\n<p><strong>El autor es miembro del CP del PLD, ex Ministro de Interior y ex Rector de la UASD.<\/strong><\/p>\n<\/p>\n<\/p>\n<\/p>\n<h6> 2019-09-02 02:17:38 <\/h6>\n<p><!--\n<link rel=\"stylesheet\" href=\"css\/bootstrap.min.css\">\n\n\n<ul class=\"pagination\">\n\t    \n\t\n\n<li >\n\t<a href='?page_no=550'>Previous<\/a>\n\t<\/li>\n\n\n       \n    \n\n<li><a href='?page_no=1'>1<\/a><\/li>\n\n\n\n<li><a href='?page_no=2'>2<\/a><\/li>\n\n\n\n<li><a>...<\/a><\/li>\n\n\n\n<li><a href='?page_no=549'>549<\/a><\/li>\n\n\n\n<li><a href='?page_no=550'>550<\/a><\/li>\n\n\n\n<li class='active'><a>551<\/a><\/li>\n\n\n\n<li><a href='?page_no=552'>552<\/a><\/li>\n\n\n\n<li><a href='?page_no=553'>553<\/a><\/li>\n\n\n\n<li><a>...<\/a><\/li>\n\n\n\n<li><a href='?page_no=13611'>13611<\/a><\/li>\n\n\n\n<li><a href='?page_no=13612'>13612<\/a><\/li>\n\n    \n\t\n\n<li >\n\t<a href='?page_no=552'>Next<\/a>\n\t<\/li>\n\n\n    \n\n<li><a href='?page_no=13612'>Last &rsaquo;&rsaquo;<\/a><\/li>\n\n<\/ul>\n\n\n--><br \/>\n<\/body><\/p>\n","protected":false},"excerpt":{"rendered":"<p>FRANKLIN ALMEYDA RANCIER Las primarias a celebrarse el 6 de octubre, constituyen una agradable ocasi\u00f3n para marcar los l\u00edmites existentes entre lo que debe seguir haciendo el PLD y lo que debe dejar de hacer. Es una oportuna ocasi\u00f3n para deslindar campos de comportamientos. Como organizaci\u00f3n pol\u00edtica fundada con objetivos bien definidos, su comportamiento general [&hellip;]<\/p>\n","protected":false},"author":3,"featured_media":0,"comment_status":"open","ping_status":"open","sticky":false,"template":"","format":"standard","meta":{"footnotes":""},"categories":[16],"tags":[],"class_list":["post-42504","post","type-post","status-publish","format-standard","hentry","category-opiniones"],"_links":{"self":[{"href":"https:\/\/diariodominicano.com\/index.php?rest_route=\/wp\/v2\/posts\/42504","targetHints":{"allow":["GET"]}}],"collection":[{"href":"https:\/\/diariodominicano.com\/index.php?rest_route=\/wp\/v2\/posts"}],"about":[{"href":"https:\/\/diariodominicano.com\/index.php?rest_route=\/wp\/v2\/types\/post"}],"author":[{"embeddable":true,"href":"https:\/\/diariodominicano.com\/index.php?rest_route=\/wp\/v2\/users\/3"}],"replies":[{"embeddable":true,"href":"https:\/\/diariodominicano.com\/index.php?rest_route=%2Fwp%2Fv2%2Fcomments&post=42504"}],"version-history":[{"count":0,"href":"https:\/\/diariodominicano.com\/index.php?rest_route=\/wp\/v2\/posts\/42504\/revisions"}],"wp:attachment":[{"href":"https:\/\/diariodominicano.com\/index.php?rest_route=%2Fwp%2Fv2%2Fmedia&parent=42504"}],"wp:term":[{"taxonomy":"category","embeddable":true,"href":"https:\/\/diariodominicano.com\/index.php?rest_route=%2Fwp%2Fv2%2Fcategories&post=42504"},{"taxonomy":"post_tag","embeddable":true,"href":"https:\/\/diariodominicano.com\/index.php?rest_route=%2Fwp%2Fv2%2Ftags&post=42504"}],"curies":[{"name":"wp","href":"https:\/\/api.w.org\/{rel}","templated":true}]}}