{"id":42493,"date":"2019-09-03T09:09:32","date_gmt":"2019-09-03T09:09:32","guid":{"rendered":"http:\/\/diariodominicano.ddns.net\/?p=42493"},"modified":"2019-09-03T09:09:32","modified_gmt":"2019-09-03T09:09:32","slug":"aportes-de-campana","status":"publish","type":"post","link":"https:\/\/diariodominicano.com\/?p=42493","title":{"rendered":"&#13;&#13;APORTES DE CAMPA\u00d1A"},"content":{"rendered":"<p><body><\/p>\n<p><strong>Mario Rivadulla<\/strong><\/p>\n<\/p>\n<p>El pleno de la Junta Central Electoral aprob\u00f3 a mediados de la pasada semana el Reglamento de Fiscalizaci\u00f3n y Control Financiero de los Partidos, Agrupaciones y Movimientos Pol\u00edticos que participar\u00e1n en las justas electorales del 2020.  El prop\u00f3sito es regular el monto de los aportes privados que reciban los mismos como los respectivos candidatos a  las m\u00e1s de cinco mil posiciones electivas que estar\u00e1n en juego.<\/p>\n<\/p>\n<p>El prop\u00f3sito es loable.  Con ello se busca  la quiz\u00e1s un tanto hipot\u00e9tica posibilidad y en todo caso dif\u00edcil objetivo, de  darle un mayor equilibro a la competencia desde el punto de vista financiero, de tal modo que sea el voto m\u00e1s que el desborde del poder\u00edo econ\u00f3mico lo que decida el resultado de las elecciones.   En el caso espec\u00edfico de los recursos provenientes del Estado, se renueva la prohibici\u00f3n de hacer uso de los mismos, algo que por lo general ha estado presente en las distintas campa\u00f1as electorales.<\/p>\n<\/p>\n<p>Con la identificaci\u00f3n de los aportantes en cada caso, se persigue poder establecer con la mayor nitidez el origen de los fondos de apoyo provenientes del sector privado. Existe el justificado temor de que dineros de procedencia il\u00edcita hagan acto de presencia en el proceso electoral tratando de ganar mayores  espacios de influencia en el plano pol\u00edtico.<\/p>\n<\/p>\n<p>No es una preocupaci\u00f3n infundada. Para nadie es secreto que en elecciones anteriores, han circulado en cuant\u00eda creciente recursos de procedencia probadamente il\u00edcita, desde el narcotr\u00e1fico y el crimen organizado, hasta el lavado de activos y la corrupci\u00f3n.   Los montos que se manejan en esos \u00e1mbitos son de magnitud inusitada, y buena parte de ellos est\u00e1n reservados para el soborno y la compra de conciencias en las \u00e1reas de influencia y poder.  <\/p>\n<\/p>\n<p>Ahora mismo tenemos el ejemplo de la red de narcotr\u00e1fico manejada por el elusivo C\u00e9sar \u00abEl Abusador\u00bb y el incre\u00edble volumen de recursos que pudo ir manejando a lo largo de su trayectoria criminal de una larga d\u00e9cada de impunidad que le permiti\u00f3  montar toda una vasta red de negocios para encubrir y lavar los mismos,  al tiempo de hacer una escandalosa exhibici\u00f3n de su existencia de derroche y su alardosa expresi\u00f3n de \u00absoy rico de verd\u00e1\u00bb.   <\/p>\n<\/p>\n<p>Ese tipo de negocios il\u00edcitos  precisan disponer de una amplia red de complicidades en el campo de las autoridades para poder mantenerse en el tiempo.  Es  la que dispon\u00eda \u00abEl Abusador\u00bb, como antes Flori\u00e1n F\u00e9liz, Figueroa Agosto, Quirino. La misma de que gozan otras actividades ilegales.  El campo congresual figura en la mira.  Se trata de colocar fichas en las curules que en su momento podr\u00e1n rendir un oportuno servicio. <\/p>\n<\/p>\n<p> Es una protecci\u00f3n que se compra a precio alto.   El negocio lo contempla. Da para eso y hasta para soportar las p\u00e9rdidas ocasionales de alg\u00fan que otro cargamento de drogas que cae en poder de las autoridades.  La cantidad es m\u00ednima en relaci\u00f3n con el monto total del negocio.  La DEA calcula que apenas alcanza a un diez por ciento de lo traficado.  <\/p>\n<\/p>\n<p>Ahora bien.  Es obvio que si bien resulta esencial contar con el marco legal para tratar de impedir que tal ocurra, perseguir, apresar, enviar a la justicia y sancionar a quienes se involucren en tales acciones,  depender\u00e1 siempre de la voluntad pol\u00edtica del gobierno y  probidad y firmeza que demuestren las autoridades encargadas  de prevenirlas  y combatirlas.  <\/p>\n<\/p>\n<p>Ya esa es misi\u00f3n que se sale del \u00e1mbito de la Junta en tanto ella no dispone de los recursos,  los mecanismos y el personal especializado que requiere.  Ella ha cumplido su parte con la aprobaci\u00f3n del Reglamento. Toca ahora a los organismos del Estado velar por su cumplimiento.  De esperar que lo hagan y que la ciudadan\u00eda se mantenga alerta para reclam\u00e1rselo en caso contrario. <\/p>\n<\/p>\n<\/p>\n<h6> 2019-09-03 09:09:32 <\/h6>\n<p><!--\n<link rel=\"stylesheet\" href=\"css\/bootstrap.min.css\">\n\n\n<ul class=\"pagination\">\n\t    \n\t\n\n<li >\n\t<a href='?page_no=549'>Previous<\/a>\n\t<\/li>\n\n\n       \n    \n\n<li><a href='?page_no=1'>1<\/a><\/li>\n\n\n\n<li><a href='?page_no=2'>2<\/a><\/li>\n\n\n\n<li><a>...<\/a><\/li>\n\n\n\n<li><a href='?page_no=548'>548<\/a><\/li>\n\n\n\n<li><a href='?page_no=549'>549<\/a><\/li>\n\n\n\n<li class='active'><a>550<\/a><\/li>\n\n\n\n<li><a href='?page_no=551'>551<\/a><\/li>\n\n\n\n<li><a href='?page_no=552'>552<\/a><\/li>\n\n\n\n<li><a>...<\/a><\/li>\n\n\n\n<li><a href='?page_no=13611'>13611<\/a><\/li>\n\n\n\n<li><a href='?page_no=13612'>13612<\/a><\/li>\n\n    \n\t\n\n<li >\n\t<a href='?page_no=551'>Next<\/a>\n\t<\/li>\n\n\n    \n\n<li><a href='?page_no=13612'>Last &rsaquo;&rsaquo;<\/a><\/li>\n\n<\/ul>\n\n\n--><br \/>\n<\/body><\/p>\n","protected":false},"excerpt":{"rendered":"<p>Mario Rivadulla El pleno de la Junta Central Electoral aprob\u00f3 a mediados de la pasada semana el Reglamento de Fiscalizaci\u00f3n y Control Financiero de los Partidos, Agrupaciones y Movimientos Pol\u00edticos que participar\u00e1n en las justas electorales del 2020. El prop\u00f3sito es regular el monto de los aportes privados que reciban los mismos como los respectivos [&hellip;]<\/p>\n","protected":false},"author":3,"featured_media":0,"comment_status":"open","ping_status":"open","sticky":false,"template":"","format":"standard","meta":{"footnotes":""},"categories":[16],"tags":[],"class_list":["post-42493","post","type-post","status-publish","format-standard","hentry","category-opiniones"],"_links":{"self":[{"href":"https:\/\/diariodominicano.com\/index.php?rest_route=\/wp\/v2\/posts\/42493","targetHints":{"allow":["GET"]}}],"collection":[{"href":"https:\/\/diariodominicano.com\/index.php?rest_route=\/wp\/v2\/posts"}],"about":[{"href":"https:\/\/diariodominicano.com\/index.php?rest_route=\/wp\/v2\/types\/post"}],"author":[{"embeddable":true,"href":"https:\/\/diariodominicano.com\/index.php?rest_route=\/wp\/v2\/users\/3"}],"replies":[{"embeddable":true,"href":"https:\/\/diariodominicano.com\/index.php?rest_route=%2Fwp%2Fv2%2Fcomments&post=42493"}],"version-history":[{"count":0,"href":"https:\/\/diariodominicano.com\/index.php?rest_route=\/wp\/v2\/posts\/42493\/revisions"}],"wp:attachment":[{"href":"https:\/\/diariodominicano.com\/index.php?rest_route=%2Fwp%2Fv2%2Fmedia&parent=42493"}],"wp:term":[{"taxonomy":"category","embeddable":true,"href":"https:\/\/diariodominicano.com\/index.php?rest_route=%2Fwp%2Fv2%2Fcategories&post=42493"},{"taxonomy":"post_tag","embeddable":true,"href":"https:\/\/diariodominicano.com\/index.php?rest_route=%2Fwp%2Fv2%2Ftags&post=42493"}],"curies":[{"name":"wp","href":"https:\/\/api.w.org\/{rel}","templated":true}]}}