{"id":42492,"date":"2020-10-04T14:54:06","date_gmt":"2020-10-04T14:54:06","guid":{"rendered":"http:\/\/diariodominicano.ddns.net\/?p=42492"},"modified":"2020-10-04T14:54:06","modified_gmt":"2020-10-04T14:54:06","slug":"no-a-la-privatizacion","status":"publish","type":"post","link":"https:\/\/diariodominicano.com\/?p=42492","title":{"rendered":"No  a la Privatizaci\u00f3n"},"content":{"rendered":"<p><body><\/p>\n<p><strong>  No  a la Privatizaci\u00f3n<\/strong><\/p>\n<p><strong>   Por Narciso Isa Conde<\/strong><\/p>\n<\/p>\n<p>Est\u00e1n muy activos, no solo impulsando alianzas p\u00fablico-privadas, en las que lo privado se tragar\u00e1 lo p\u00fablico y lo social sucumbir\u00e1 frente al af\u00e1n de ganancias y poder del gran capital privado. Est\u00e1n activando ventas de \u00abactivos\u00bb (l\u00e9ase propiedades, bienes, patrimonios&#8230;) del Estado; lo que incluye  tierras, bosques, costas, agua, empresas, hospitales,  servicios p\u00fablicos, acciones, infraestructuras, edificaciones&#8230;; y lo est\u00e1 anunciando el Ministro de la Presidencia, ahora Presidente de la Comisi\u00f3n Liquidadora de Activos del Estado, y sobretodo \u00abhombre de la gran empresa privada\u00bb y del grupo econ\u00f3mico m\u00e1s poderoso del pa\u00eds.<\/p>\n<\/p>\n<p>\u00abLamentablemente -afirm\u00f3- hemos tenido que ser m\u00e1s creativos (\u00a1qu\u00e9 forma de crear!), y es muy probable que el Estado tenga que desprenderse hasta de activos importantes para poder generar los recursos para manejar sus compromisos fiscales\u00bb; y en ese tenor agreg\u00f3 que \u00abest\u00e1n evaluando la posibilidad de vender las acciones que tiene en FONPER\u00bb. As\u00ed la quinta esencia del gran capital privado, ya ubicada en el coraz\u00f3n del Estado y el Palacio Nacional, se lamenta de tener que ser \u00abcreativo\u00bb para evaluar la posibilidad de privatizar a su favor bienes estatales. \u00bfQui\u00e9nes tan tontos para creerle su creativo lamento?<\/p>\n<\/p>\n<p>Las acciones de FONPER ?administradas por los socios privados- es lo que le queda al Estado despu\u00e9s de la llamada capitalizaci\u00f3n de las empresas p\u00fablicas (CDE, CORDE, CEA, Corporaci\u00f3n Hotelera) iniciada en 1998, primera fase de la privatizaci\u00f3n. Ahora se inicia, con un gobierno \u00abagarrado por el pichirr\u00ed\u00bb por la gran empresa privada, la segunda fase de la privatizaci\u00f3n, la cual tiene dos vertientes: la \u00abventa de activos del Estado\u00bb y las \u00abAsociaciones P\u00fablicas-Privadas (APP)\u00bb; con sendos ejecutivos, un jefe pol\u00edtico (empresario a la vez), y el soporte del m\u00e1s poderoso de los diez principales grupos capitalistas dominicanos (los verdaderos \u00abdue\u00f1os del pa\u00eds\u00bb): Lizandro Macarrulla, Sim\u00f3n Freud, Don Luis Abinader y el Grupo Vicini; todos  tutelados por la Casa Blanca, Wall Street, PENT\u00c1GONO, BM y FMI.<\/p>\n<\/p>\n<p>Se ignora si los 16 mil millones de pesos que los administradores privados de EGE-Haina no le entregaron a FONPER pueden entrar en la negociaci\u00f3n. Pero es solo un detalle, como otros detalles multimillonarios que competen a la relaci\u00f3n desventajosa EGE-Itabo\/FONPER, pues lo realmente tr\u00e1gico es que est\u00e1 en marcha un asalto al Estado, a su patrimonio y su territorio,  en dimensiones superiores a todo lo vivido y sufrido durante el viacrucis  neoliberal. Una usurpaci\u00f3n en tiempo de COVID, que incluye un dr\u00e1stico amarre por la v\u00eda de un voluminoso endeudamiento externo, m\u00e1s re-colonizador que los anteriores.<\/p>\n<\/p>\n<p>Domingo 4 de octubre 2020, Santo Domingo, RD.<\/p>\n<\/p>\n<h6> 2020-10-04 14:54:06 <\/h6>\n<p><!--\n<link rel=\"stylesheet\" href=\"css\/bootstrap.min.css\">\n\n\n<ul class=\"pagination\">\n\t    \n\t\n\n<li >\n\t<a href='?page_no=54'>Previous<\/a>\n\t<\/li>\n\n\n       \n    \n\n<li><a href='?page_no=1'>1<\/a><\/li>\n\n\n\n<li><a href='?page_no=2'>2<\/a><\/li>\n\n\n\n<li><a>...<\/a><\/li>\n\n\n\n<li><a href='?page_no=53'>53<\/a><\/li>\n\n\n\n<li><a href='?page_no=54'>54<\/a><\/li>\n\n\n\n<li class='active'><a>55<\/a><\/li>\n\n\n\n<li><a href='?page_no=56'>56<\/a><\/li>\n\n\n\n<li><a href='?page_no=57'>57<\/a><\/li>\n\n\n\n<li><a>...<\/a><\/li>\n\n\n\n<li><a href='?page_no=13611'>13611<\/a><\/li>\n\n\n\n<li><a href='?page_no=13612'>13612<\/a><\/li>\n\n    \n\t\n\n<li >\n\t<a href='?page_no=56'>Next<\/a>\n\t<\/li>\n\n\n    \n\n<li><a href='?page_no=13612'>Last &rsaquo;&rsaquo;<\/a><\/li>\n\n<\/ul>\n\n\n--><br \/>\n<\/body><\/p>\n","protected":false},"excerpt":{"rendered":"<p>No a la Privatizaci\u00f3n Por Narciso Isa Conde Est\u00e1n muy activos, no solo impulsando alianzas p\u00fablico-privadas, en las que lo privado se tragar\u00e1 lo p\u00fablico y lo social sucumbir\u00e1 frente al af\u00e1n de ganancias y poder del gran capital privado. Est\u00e1n activando ventas de \u00abactivos\u00bb (l\u00e9ase propiedades, bienes, patrimonios&#8230;) del Estado; lo que incluye tierras, [&hellip;]<\/p>\n","protected":false},"author":3,"featured_media":0,"comment_status":"open","ping_status":"open","sticky":false,"template":"","format":"standard","meta":{"footnotes":""},"categories":[16],"tags":[],"class_list":["post-42492","post","type-post","status-publish","format-standard","hentry","category-opiniones"],"_links":{"self":[{"href":"https:\/\/diariodominicano.com\/index.php?rest_route=\/wp\/v2\/posts\/42492","targetHints":{"allow":["GET"]}}],"collection":[{"href":"https:\/\/diariodominicano.com\/index.php?rest_route=\/wp\/v2\/posts"}],"about":[{"href":"https:\/\/diariodominicano.com\/index.php?rest_route=\/wp\/v2\/types\/post"}],"author":[{"embeddable":true,"href":"https:\/\/diariodominicano.com\/index.php?rest_route=\/wp\/v2\/users\/3"}],"replies":[{"embeddable":true,"href":"https:\/\/diariodominicano.com\/index.php?rest_route=%2Fwp%2Fv2%2Fcomments&post=42492"}],"version-history":[{"count":0,"href":"https:\/\/diariodominicano.com\/index.php?rest_route=\/wp\/v2\/posts\/42492\/revisions"}],"wp:attachment":[{"href":"https:\/\/diariodominicano.com\/index.php?rest_route=%2Fwp%2Fv2%2Fmedia&parent=42492"}],"wp:term":[{"taxonomy":"category","embeddable":true,"href":"https:\/\/diariodominicano.com\/index.php?rest_route=%2Fwp%2Fv2%2Fcategories&post=42492"},{"taxonomy":"post_tag","embeddable":true,"href":"https:\/\/diariodominicano.com\/index.php?rest_route=%2Fwp%2Fv2%2Ftags&post=42492"}],"curies":[{"name":"wp","href":"https:\/\/api.w.org\/{rel}","templated":true}]}}