{"id":424902,"date":"2023-03-17T22:45:44","date_gmt":"2023-03-18T02:45:44","guid":{"rendered":"http:\/\/diariodominicano.com\/?p=424902"},"modified":"2023-03-17T22:46:02","modified_gmt":"2023-03-18T02:46:02","slug":"capacitan-agentes-policiales-en-manejo-oportuno-de-ejecucion-de-arrestos-contra-agresores-de-mujeres","status":"publish","type":"post","link":"https:\/\/diariodominicano.com\/?p=424902","title":{"rendered":"Capacitan agentes policiales en manejo oportuno de ejecuci\u00f3n de arrestos contra agresores de mujeres\u00a0"},"content":{"rendered":"\n<p><\/p>\n\n\n\n<p>HERMANAS MIRABAL, Rep\u00fablica Dominicana.- La fiscal titular del Distrito Judicial de Hermanas Mirabal, Zoila Rodr\u00edguez Ynfante, junto a la Coordinadora de la Unidad de Atenci\u00f3n a la Violencia de G\u00e9nero, Yesiely Fabr\u00e9 Fern\u00e1ndez, encabez\u00f3 un taller de sensibilizaci\u00f3n, dirigido a miembros de la Polic\u00eda Nacional para el manejo oportuno de las ejecuciones de \u00f3rdenes de arrestos en materia de violencia de g\u00e9nero e intrafamiliar, en el municipio Salcedo.<\/p>\n\n\n\n<p>El proceso formativo, titulado: \u201cEl Protocolo de actuaci\u00f3n para la ejecuci\u00f3n de un arresto oportuno\u201d, tiene como objetivo orientar a los miembros de la instituci\u00f3n del orden en torno a una aplicaci\u00f3n efectiva de las \u00f3rdenes de arrestos contra los agresores de mujeres.&nbsp;<\/p>\n\n\n\n<p>En el acto, realizado en las instalaciones del Museo-Escuela Doctor Tejada Florentino, la fiscal titular llam\u00f3 a la reflexi\u00f3n a los uniformados, para que juntos, se realice un trabajo apegado al debido respeto de las normativas legales vigentes en el pa\u00eds, que garantice el fortalecimiento de ambas instituciones.&nbsp;<\/p>\n\n\n\n<figure class=\"wp-block-image size-large\"><img loading=\"lazy\" decoding=\"async\" width=\"1024\" height=\"682\" src=\"https:\/\/diariodominicano.com\/wp-content\/uploads\/2023\/03\/IMG-20230315-WA0018-1024x682.jpg\" alt=\"\" class=\"wp-image-424905\" srcset=\"https:\/\/diariodominicano.com\/wp-content\/uploads\/2023\/03\/IMG-20230315-WA0018-1024x682.jpg 1024w, https:\/\/diariodominicano.com\/wp-content\/uploads\/2023\/03\/IMG-20230315-WA0018-300x200.jpg 300w, https:\/\/diariodominicano.com\/wp-content\/uploads\/2023\/03\/IMG-20230315-WA0018-768x512.jpg 768w, https:\/\/diariodominicano.com\/wp-content\/uploads\/2023\/03\/IMG-20230315-WA0018-1536x1023.jpg 1536w, https:\/\/diariodominicano.com\/wp-content\/uploads\/2023\/03\/IMG-20230315-WA0018-816x544.jpg 816w, https:\/\/diariodominicano.com\/wp-content\/uploads\/2023\/03\/IMG-20230315-WA0018.jpg 1600w\" sizes=\"auto, (max-width: 1024px) 100vw, 1024px\" \/><\/figure>\n\n\n\n<p>En su alocuci\u00f3n, Rodr\u00edguez Ynfante hizo \u00e9nfasis en el abordaje oportuno de los agentes policiales al momento de ejecutar los arrestos en contra de aquellos hombres que agreden a las mujeres en cualquiera de las modalidades de violencia existente, \u201cdebido a que un apresamiento que no cumple con los requerimientos de rigor afecta los esfuerzos que realiza el Ministerio P\u00fablico para el inicio de un proceso de investigaci\u00f3n\u201d.&nbsp;&nbsp;&nbsp;<\/p>\n\n\n\n<p>Se\u00f1al\u00f3, que, \u201cdesde la Fiscal\u00eda de Hermanas Mirabal, se a\u00fanan esfuerzos para promover una cultura de paz que conduzca a una convivencia armoniosa y libre de cualquier manifestaci\u00f3n de violencia en contra de las mujeres, al un\u00edsono de lo que aspira la procuradora general de la Rep\u00fablica, magistrada Miriam Germ\u00e1n Brito, de vivir en una sociedad donde ninguna mujer sea tratada como objeto de la cultura machista.&nbsp;<\/p>\n\n\n\n<p>De su lado, Fabr\u00e9 Fern\u00e1ndez, al dirigirse a los presentes, resalt\u00f3 la importancia de prevenir la violencia, enfatizando que, \u201cla Polic\u00eda juega un papel preponderante, en raz\u00f3n de que su intervenci\u00f3n contribuye a evitar agresiones que pudieran lamentarse, de manera que los mismos se convierten en actores de prevenci\u00f3n efectiva\u201d. En ese sentido, dijo que para ello se necesita de la formaci\u00f3n continua que garantice que los mismos se sensibilicen con el tema.&nbsp;&nbsp;&nbsp;<\/p>\n\n\n\n<p>A trav\u00e9s de un comunicado de prensa, la Fiscal\u00eda de la provincia Hermanas Mirabal inform\u00f3 que esta iniciativa forma parte de la programaci\u00f3n de la red de atenci\u00f3n y seguimiento a los casos de violencia de g\u00e9nero de esta provincia, que promueven diferentes instituciones que trabajan a favor de la mujer.&nbsp;<\/p>\n\n\n\n<p>En la actividad estuvieron presentes, la directora de la Oficina para el Desarrollo de la Mujer, Linabel Gonz\u00e1lez; Nurys V\u00e1squez, directora del Centro de Atenci\u00f3n a la Victima, as\u00ed como mujeres ide\u00f3logas de estos espacios de di\u00e1logo y formaci\u00f3n en beneficio de la sociedad mirabalense.&nbsp;&nbsp;<\/p>\n\n\n\n<p>Direcci\u00f3n General de Comunicaci\u00f3n, Prensa, y RRPP<\/p>\n\n\n\n<p>Ministerio P\u00fablico.&nbsp;R.D.<\/p>\n\n\n\n<p>Viernes, 17 de marzo de 2023&#8230;.<\/p>\n","protected":false},"excerpt":{"rendered":"<p>HERMANAS MIRABAL, Rep\u00fablica Dominicana.- La fiscal titular del Distrito Judicial de Hermanas Mirabal, Zoila Rodr\u00edguez Ynfante, junto a la Coordinadora de la Unidad de Atenci\u00f3n a la Violencia de G\u00e9nero, Yesiely Fabr\u00e9 Fern\u00e1ndez, encabez\u00f3 un taller de sensibilizaci\u00f3n, dirigido a miembros de la Polic\u00eda Nacional para el manejo oportuno de las ejecuciones de \u00f3rdenes de [&hellip;]<\/p>\n","protected":false},"author":28,"featured_media":424903,"comment_status":"closed","ping_status":"","sticky":true,"template":"","format":"standard","meta":{"footnotes":""},"categories":[29,27],"tags":[],"class_list":["post-424902","post","type-post","status-publish","format-standard","has-post-thumbnail","hentry","category-policiasucesos","category-portada"],"_links":{"self":[{"href":"https:\/\/diariodominicano.com\/index.php?rest_route=\/wp\/v2\/posts\/424902","targetHints":{"allow":["GET"]}}],"collection":[{"href":"https:\/\/diariodominicano.com\/index.php?rest_route=\/wp\/v2\/posts"}],"about":[{"href":"https:\/\/diariodominicano.com\/index.php?rest_route=\/wp\/v2\/types\/post"}],"author":[{"embeddable":true,"href":"https:\/\/diariodominicano.com\/index.php?rest_route=\/wp\/v2\/users\/28"}],"replies":[{"embeddable":true,"href":"https:\/\/diariodominicano.com\/index.php?rest_route=%2Fwp%2Fv2%2Fcomments&post=424902"}],"version-history":[{"count":2,"href":"https:\/\/diariodominicano.com\/index.php?rest_route=\/wp\/v2\/posts\/424902\/revisions"}],"predecessor-version":[{"id":424906,"href":"https:\/\/diariodominicano.com\/index.php?rest_route=\/wp\/v2\/posts\/424902\/revisions\/424906"}],"wp:featuredmedia":[{"embeddable":true,"href":"https:\/\/diariodominicano.com\/index.php?rest_route=\/wp\/v2\/media\/424903"}],"wp:attachment":[{"href":"https:\/\/diariodominicano.com\/index.php?rest_route=%2Fwp%2Fv2%2Fmedia&parent=424902"}],"wp:term":[{"taxonomy":"category","embeddable":true,"href":"https:\/\/diariodominicano.com\/index.php?rest_route=%2Fwp%2Fv2%2Fcategories&post=424902"},{"taxonomy":"post_tag","embeddable":true,"href":"https:\/\/diariodominicano.com\/index.php?rest_route=%2Fwp%2Fv2%2Ftags&post=424902"}],"curies":[{"name":"wp","href":"https:\/\/api.w.org\/{rel}","templated":true}]}}