{"id":424813,"date":"2023-03-17T16:45:01","date_gmt":"2023-03-17T20:45:01","guid":{"rendered":"http:\/\/diariodominicano.com\/?p=424813"},"modified":"2023-03-17T16:45:01","modified_gmt":"2023-03-17T20:45:01","slug":"dncd-informa-desmantelo-red-de-microtrafico-en-santiago-y-ocupa-mas-de-66000-gramos-de-drogas","status":"publish","type":"post","link":"https:\/\/diariodominicano.com\/?p=424813","title":{"rendered":"DNCD informa desmantel\u00f3 red de microtr\u00e1fico en Santiago y ocupa m\u00e1s de 66,000 gramos de drogas"},"content":{"rendered":"\n<p><\/p>\n\n\n\n<p><strong><em>En las operaciones, en compa\u00f1\u00eda del Ministerio P\u00fablico, apresaron a ocho personas vinculadas&nbsp;<\/em><\/strong><\/p>\n\n\n\n<figure class=\"wp-block-image size-large\"><img loading=\"lazy\" decoding=\"async\" width=\"1024\" height=\"576\" src=\"https:\/\/diariodominicano.com\/wp-content\/uploads\/2023\/03\/IMG-20230316-WA0163-1024x576.jpg\" alt=\"\" class=\"wp-image-424815\" srcset=\"https:\/\/diariodominicano.com\/wp-content\/uploads\/2023\/03\/IMG-20230316-WA0163-1024x576.jpg 1024w, https:\/\/diariodominicano.com\/wp-content\/uploads\/2023\/03\/IMG-20230316-WA0163-300x169.jpg 300w, https:\/\/diariodominicano.com\/wp-content\/uploads\/2023\/03\/IMG-20230316-WA0163-768x432.jpg 768w, https:\/\/diariodominicano.com\/wp-content\/uploads\/2023\/03\/IMG-20230316-WA0163-1536x864.jpg 1536w, https:\/\/diariodominicano.com\/wp-content\/uploads\/2023\/03\/IMG-20230316-WA0163-816x459.jpg 816w, https:\/\/diariodominicano.com\/wp-content\/uploads\/2023\/03\/IMG-20230316-WA0163.jpg 1600w\" sizes=\"auto, (max-width: 1024px) 100vw, 1024px\" \/><\/figure>\n\n\n\n<p><strong>Santo Domingo, RD.-<\/strong> \u00a0Oficiales de la Direcci\u00f3n Nacional de Control de Drogas (DNCD) y miembros del Ministerio P\u00fablico de Santiago desarrollaron dos allanamientos de manera simult\u00e1nea, donde desmantelaron una poderosa red de microtr\u00e1fico, que utilizaban residencias para guardar, empacar y luego distribuir narc\u00f3ticos en esa ciudad y otras provincias de la regi\u00f3n norte del pa\u00eds, inform\u00f3 el viernes la DNCD.\u00a0<\/p>\n\n\n\n<p>A trav\u00e9s de intensas labores de seguimiento y vigilancia, los agentes de la DNCD, acompa\u00f1ados de varios fiscales, intervinieron una vivienda, en la calle Domingo Guillen, del sector Francisco del Rosario S\u00e1nchez, en la que apresaron a siete hombres y ocuparon 33,122 gramos de marihuana, 529 porciones de coca\u00edna, 481 pastillas de \u00e9xtasis y 17 sobres de molly, un veh\u00edculo, una pistola con dos cargadores, c\u00e1psulas, una selladora, dos balanzas y RD$3,340.&nbsp;<\/p>\n\n\n\n<figure class=\"wp-block-image size-large\"><img loading=\"lazy\" decoding=\"async\" width=\"1024\" height=\"768\" src=\"https:\/\/diariodominicano.com\/wp-content\/uploads\/2023\/03\/IMG-20230316-WA0165-1-1024x768.jpg\" alt=\"\" class=\"wp-image-424816\" srcset=\"https:\/\/diariodominicano.com\/wp-content\/uploads\/2023\/03\/IMG-20230316-WA0165-1-1024x768.jpg 1024w, https:\/\/diariodominicano.com\/wp-content\/uploads\/2023\/03\/IMG-20230316-WA0165-1-300x225.jpg 300w, https:\/\/diariodominicano.com\/wp-content\/uploads\/2023\/03\/IMG-20230316-WA0165-1-768x576.jpg 768w, https:\/\/diariodominicano.com\/wp-content\/uploads\/2023\/03\/IMG-20230316-WA0165-1-1536x1152.jpg 1536w, https:\/\/diariodominicano.com\/wp-content\/uploads\/2023\/03\/IMG-20230316-WA0165-1-816x612.jpg 816w, https:\/\/diariodominicano.com\/wp-content\/uploads\/2023\/03\/IMG-20230316-WA0165-1.jpg 1600w\" sizes=\"auto, (max-width: 1024px) 100vw, 1024px\" \/><\/figure>\n\n\n\n<p>Luego, las autoridades se movilizaron a la calle 12 A, del Residencial los Prados II, del sector los Jardines del Norte, donde realizaron otra intervenci\u00f3n legal. Aqu\u00ed apresaron a un hombre que se presume es el cabecilla de la red, a quien le confiscaron otros 33,102 gramos de marihuana, RD$71,000 , una pistola con dos cargadores y varias c\u00e1psulas, una jeepeta, entre otras evidencias.&nbsp;<\/p>\n\n\n\n<p>En ambas operaciones, las autoridades apresaron a ocho hombres, quienes formar\u00edan parte de una estructura de microtr\u00e1fico de drogas a la que se le daba seguimiento desde hace varios meses.&nbsp;<\/p>\n\n\n\n<p>Inform\u00f3 a todos los imputados se les conocer\u00e1n medidas de coerci\u00f3n en las pr\u00f3ximas horas por violaci\u00f3n a la Ley 50-88, sobre Drogas y Sustancias Controladas, mientras el Ministerio P\u00fablico y la DNCD profundizan las investigaciones en torno al caso.\u00a0<\/p>\n\n\n\n<p><em>Direcci\u00f3n de Comunicaciones, DNCD.-<\/em><\/p>\n","protected":false},"excerpt":{"rendered":"<p>En las operaciones, en compa\u00f1\u00eda del Ministerio P\u00fablico, apresaron a ocho personas vinculadas&nbsp; Santo Domingo, RD.- \u00a0Oficiales de la Direcci\u00f3n Nacional de Control de Drogas (DNCD) y miembros del Ministerio P\u00fablico de Santiago desarrollaron dos allanamientos de manera simult\u00e1nea, donde desmantelaron una poderosa red de microtr\u00e1fico, que utilizaban residencias para guardar, empacar y luego distribuir [&hellip;]<\/p>\n","protected":false},"author":28,"featured_media":424814,"comment_status":"closed","ping_status":"","sticky":true,"template":"","format":"standard","meta":{"footnotes":""},"categories":[24,29],"tags":[],"class_list":["post-424813","post","type-post","status-publish","format-standard","has-post-thumbnail","hentry","category-justicia-y-derecho","category-policiasucesos"],"_links":{"self":[{"href":"https:\/\/diariodominicano.com\/index.php?rest_route=\/wp\/v2\/posts\/424813","targetHints":{"allow":["GET"]}}],"collection":[{"href":"https:\/\/diariodominicano.com\/index.php?rest_route=\/wp\/v2\/posts"}],"about":[{"href":"https:\/\/diariodominicano.com\/index.php?rest_route=\/wp\/v2\/types\/post"}],"author":[{"embeddable":true,"href":"https:\/\/diariodominicano.com\/index.php?rest_route=\/wp\/v2\/users\/28"}],"replies":[{"embeddable":true,"href":"https:\/\/diariodominicano.com\/index.php?rest_route=%2Fwp%2Fv2%2Fcomments&post=424813"}],"version-history":[{"count":1,"href":"https:\/\/diariodominicano.com\/index.php?rest_route=\/wp\/v2\/posts\/424813\/revisions"}],"predecessor-version":[{"id":424817,"href":"https:\/\/diariodominicano.com\/index.php?rest_route=\/wp\/v2\/posts\/424813\/revisions\/424817"}],"wp:featuredmedia":[{"embeddable":true,"href":"https:\/\/diariodominicano.com\/index.php?rest_route=\/wp\/v2\/media\/424814"}],"wp:attachment":[{"href":"https:\/\/diariodominicano.com\/index.php?rest_route=%2Fwp%2Fv2%2Fmedia&parent=424813"}],"wp:term":[{"taxonomy":"category","embeddable":true,"href":"https:\/\/diariodominicano.com\/index.php?rest_route=%2Fwp%2Fv2%2Fcategories&post=424813"},{"taxonomy":"post_tag","embeddable":true,"href":"https:\/\/diariodominicano.com\/index.php?rest_route=%2Fwp%2Fv2%2Ftags&post=424813"}],"curies":[{"name":"wp","href":"https:\/\/api.w.org\/{rel}","templated":true}]}}