{"id":424720,"date":"2023-03-17T09:55:02","date_gmt":"2023-03-17T13:55:02","guid":{"rendered":"http:\/\/diariodominicano.com\/?p=424720"},"modified":"2023-03-17T09:55:02","modified_gmt":"2023-03-17T13:55:02","slug":"desmantelan-red-de-microtrafico-en-santiago-ocupan-mas-de-66-mil-granos-de-drogas-y-apresan-ocho","status":"publish","type":"post","link":"https:\/\/diariodominicano.com\/?p=424720","title":{"rendered":"Desmantelan red de microtr\u00e1fico en Santiago; ocupan m\u00e1s de 66 mil granos de drogas y apresan ocho"},"content":{"rendered":"\n<p>diariodominicano.com<\/p>\n\n\n\n<p><br><strong>Santo Domingo<\/strong>, R. D.,  17 de marzo, 2023.-\u00a0Oficiales de la Direcci\u00f3n Nacional de Control de Drogas (DNCD) y miembros del Ministerio P\u00fablico de Santiago, desarrollaron dos allanamientos de manera simult\u00e1nea, donde desmantelaron una poderosa red de microtr\u00e1fico, que utilizaban residencias para guardar, empacar y luego distribuir narc\u00f3ticos en esa ciudad, as\u00ed como en otras provincias de la regi\u00f3n norte del pa\u00eds.<\/p>\n\n\n\n<div class=\"wp-block-image\"><figure class=\"alignleft size-large is-resized\"><img decoding=\"async\" src=\"https:\/\/diariodominicano.com\/wp-content\/uploads\/2023\/03\/DNCD-2023-03-17-incauta-1024x940.jpg\" alt=\"\" class=\"wp-image-424722\" width=\"-220\" height=\"-201\" srcset=\"https:\/\/diariodominicano.com\/wp-content\/uploads\/2023\/03\/DNCD-2023-03-17-incauta-1024x940.jpg 1024w, https:\/\/diariodominicano.com\/wp-content\/uploads\/2023\/03\/DNCD-2023-03-17-incauta-300x275.jpg 300w, https:\/\/diariodominicano.com\/wp-content\/uploads\/2023\/03\/DNCD-2023-03-17-incauta-768x705.jpg 768w, https:\/\/diariodominicano.com\/wp-content\/uploads\/2023\/03\/DNCD-2023-03-17-incauta-1536x1409.jpg 1536w, https:\/\/diariodominicano.com\/wp-content\/uploads\/2023\/03\/DNCD-2023-03-17-incauta-816x749.jpg 816w, https:\/\/diariodominicano.com\/wp-content\/uploads\/2023\/03\/DNCD-2023-03-17-incauta.jpg 1600w\" sizes=\"(max-width: 1024px) 100vw, 1024px\" \/><\/figure><\/div>\n\n\n\n<p><br>A trav\u00e9s de intensas labores de seguimiento y vigilancia, los agentes de la DNCD, acompa\u00f1ados de varios fiscales, intervinieron una vivienda, en la calle Domingo Guillen, del sector Francisco del Rosario S\u00e1nchez, en la que apresaron a siete hombres y ocuparon 33, 122 gramos de marihuana, 529 porciones de coca\u00edna, 481 pastillas de \u00e9xtasis, 17 sobres de molly, un veh\u00edculo, una pistola con dos cargadores, c\u00e1psulas, una selladora, dos balanzas y $ 3, 340 pesos.<br><br>Luego, las autoridades se movilizaron a la calle 12 A, del Residencial los Prados II, del sector los Jardines del Norte, donde realizaron otra intervenci\u00f3n legal. Aqu\u00ed apresaron a un hombre, que se presume es el cabecilla de la red, a quien le confiscaron otros 33, 102 gramos de marihuana, $71, 000 pesos dominicanos, una pistola con dos cargadores y varias c\u00e1psulas, una jeepeta, entre otras evidencias.<br><br>En ambas operaciones, las autoridades apresaron a ocho hombres, quienes formar\u00edan parte de una estructura de microtr\u00e1fico de drogas, a la que se le daba seguimiento desde hace varios meses.<br><br>\u201cEl desmantelamiento de esta red, es parte de las nuevas estrategias desarrolladas por la Procuradur\u00eda y la DNCD, para apresar y poner a disposici\u00f3n de la justicia, a los individuos dedicados al tr\u00e1fico y venta de sustancias controladas en todo el territorio nacional\u201d<br><br>A todos los imputados se le conocer\u00e1n medidas de coerci\u00f3n en las pr\u00f3ximas horas por violaci\u00f3n a la ley 50-88, sobre drogas y sustancias controladas, mientras el Ministerio P\u00fablico y la DNCD, profundizan las investigaciones en torno al caso.<br><br>Fuente:  <strong>Direcci\u00f3n de Comunicaciones, DNCD.-<br><br>Viernes 17 de marzo, 2023.-<\/strong><\/p>\n\n\n\n<p><strong><em>Direcci\u00f3n de Comunicaciones, DNCD<\/em><\/strong><\/p>\n","protected":false},"excerpt":{"rendered":"<p>diariodominicano.com Santo Domingo, R. D., 17 de marzo, 2023.-\u00a0Oficiales de la Direcci\u00f3n Nacional de Control de Drogas (DNCD) y miembros del Ministerio P\u00fablico de Santiago, desarrollaron dos allanamientos de manera simult\u00e1nea, donde desmantelaron una poderosa red de microtr\u00e1fico, que utilizaban residencias para guardar, empacar y luego distribuir narc\u00f3ticos en esa ciudad, as\u00ed como en otras [&hellip;]<\/p>\n","protected":false},"author":5,"featured_media":424721,"comment_status":"closed","ping_status":"","sticky":true,"template":"","format":"standard","meta":{"footnotes":""},"categories":[24,29,27],"tags":[],"class_list":["post-424720","post","type-post","status-publish","format-standard","has-post-thumbnail","hentry","category-justicia-y-derecho","category-policiasucesos","category-portada"],"_links":{"self":[{"href":"https:\/\/diariodominicano.com\/index.php?rest_route=\/wp\/v2\/posts\/424720","targetHints":{"allow":["GET"]}}],"collection":[{"href":"https:\/\/diariodominicano.com\/index.php?rest_route=\/wp\/v2\/posts"}],"about":[{"href":"https:\/\/diariodominicano.com\/index.php?rest_route=\/wp\/v2\/types\/post"}],"author":[{"embeddable":true,"href":"https:\/\/diariodominicano.com\/index.php?rest_route=\/wp\/v2\/users\/5"}],"replies":[{"embeddable":true,"href":"https:\/\/diariodominicano.com\/index.php?rest_route=%2Fwp%2Fv2%2Fcomments&post=424720"}],"version-history":[{"count":1,"href":"https:\/\/diariodominicano.com\/index.php?rest_route=\/wp\/v2\/posts\/424720\/revisions"}],"predecessor-version":[{"id":424723,"href":"https:\/\/diariodominicano.com\/index.php?rest_route=\/wp\/v2\/posts\/424720\/revisions\/424723"}],"wp:featuredmedia":[{"embeddable":true,"href":"https:\/\/diariodominicano.com\/index.php?rest_route=\/wp\/v2\/media\/424721"}],"wp:attachment":[{"href":"https:\/\/diariodominicano.com\/index.php?rest_route=%2Fwp%2Fv2%2Fmedia&parent=424720"}],"wp:term":[{"taxonomy":"category","embeddable":true,"href":"https:\/\/diariodominicano.com\/index.php?rest_route=%2Fwp%2Fv2%2Fcategories&post=424720"},{"taxonomy":"post_tag","embeddable":true,"href":"https:\/\/diariodominicano.com\/index.php?rest_route=%2Fwp%2Fv2%2Ftags&post=424720"}],"curies":[{"name":"wp","href":"https:\/\/api.w.org\/{rel}","templated":true}]}}