{"id":42470,"date":"2019-09-03T23:30:51","date_gmt":"2019-09-03T23:30:51","guid":{"rendered":"http:\/\/diariodominicano.ddns.net\/?p=42470"},"modified":"2019-09-03T23:30:51","modified_gmt":"2019-09-03T23:30:51","slug":"a-pleno-solira-e-indiferencia","status":"publish","type":"post","link":"https:\/\/diariodominicano.com\/?p=42470","title":{"rendered":"A Pleno Sol&#13;&#13;Ira e indiferencia"},"content":{"rendered":"<p><body><\/p>\n<p><strong>Por Manuel Hern\u00e1ndez Villeta<\/strong><\/p>\n<\/p>\n<\/p>\n<p>La sociedad dominicana tiene que despertar y dar un manotazo en la mesa. Es la hora de reivindicar la ira, el coraje, la indignaci\u00f3n.  Estamos caminando el sendereo de una comunidad castrada por la tolerancia y la falta de respuestas.<\/p>\n<\/p>\n<p>Cuando un pueblo llena su coraz\u00f3n de indiferencia, est\u00e1 al borde del desastre. Tiene que tener la sensibilidad de ante las injusticias  no llorar, sino enfrentarlas. Parecer\u00eda que estamos en la era de que cada quien trate de sobrevivir a su manera y que el inter\u00e9s colectivo se pierda.<\/p>\n<\/p>\n<p>Una sociedad atada por sus privaciones y sus inconsecuencias. La p\u00e9rdida de la capacidad de lucha es causa de los muchos fracasos y las pocas soluciones, es de la alternabilidad de pol\u00edticos corruptos, y de pensadores que ponen precio a sus ideas.<\/p>\n<\/p>\n<p>No es volver al foquismo afiebrado de los sesenta, donde en cada esquina se pensaba en las soluciones individuales de las armas. La revoluci\u00f3n de abril del 1965 enfrent\u00f3 a los norteamericanos y la juventud participante perdi\u00f3 el sentido de valorar los hechos.<\/p>\n<\/p>\n<p>Despu\u00e9s de una revoluci\u00f3n que cambi\u00f3 par\u00e1metros, pero silenciada por los marines, vendr\u00eda la cacer\u00eda. Era un enfrentamiento desigual, donde se devino en los doce a\u00f1os. Se tens\u00f3 el esp\u00edritu de lucha en la \u00e9poca dura de Balaguer, pero luego lleg\u00f3 el reflujo.<\/p>\n<\/p>\n<p>El reflujo fue eterno. Se perdi\u00f3 en la marcha de los tiempos. Los j\u00f3venes de aquella \u00e9poca, hoy son adultos mayores no contestatarios. Al parecer su meta es disfrutar los \u00faltimos a\u00f1os de su vida. Pero la juventud de hoy es indiferente a todo lo que puedan ser las redes sociales. Les importa un bledo la miseria en que viven, y piensan que el sin\u00f3nimo de libertad es que puedan utilizar a su antojo  el chateo.<\/p>\n<\/p>\n<p>Tenemos que vivir en una sociedad de di\u00e1logo y concertaci\u00f3n. De escuchar y hablar. De decir verdades y no ocultar mentiras. El ciudadano tiene que correr el riesgo de ser impopular. Todo el que defiende la verdad en esta \u00e9poca, recibe el desv\u00edo de las miras. Se le considera desfasado.<\/p>\n<\/p>\n<p>Ah\u00ed es que debe llegar la indignaci\u00f3n de dar con el pu\u00f1o sobre un escritorio. De ponerse de pie y dejar de  estar de rodillas. Es la hora de reivindicaciones, pero para lograrlas hay que luchar sin una  juventud adormecida por los vicios, las drogas, el pandillerismo  y el sicariato.-<\/p>\n<\/p>\n<p>Tambi\u00e9n hay una juventud de estudios, de buscar trabajo y de quedarse en su casa con la frustraci\u00f3n de que nadie le abre las puertas para el primer empleo. El b\u00e9isbol le permite a un grupo de privilegiados dar el salto adelante, y de marginado llegar a la danza de los millones.<\/p>\n<\/p>\n<p>La pol\u00edtica hoy es el camino para m\u00e1s r\u00e1pida para hacerse de dinero y posici\u00f3n social. Por eso el pueblo debe retornar el camino de la ira y de la indignaci\u00f3n. Dar un manotazo en la mesa y proclamar: Cambiemos el juego o se rompe la baraja. !Ay!, se me acab\u00f3 la tinta.<\/p>\n<h6> 2019-09-03 23:30:51 <\/h6>\n<p><!--\n<link rel=\"stylesheet\" href=\"css\/bootstrap.min.css\">\n\n\n<ul class=\"pagination\">\n\t    \n\t\n\n<li >\n\t<a href='?page_no=547'>Previous<\/a>\n\t<\/li>\n\n\n       \n    \n\n<li><a href='?page_no=1'>1<\/a><\/li>\n\n\n\n<li><a href='?page_no=2'>2<\/a><\/li>\n\n\n\n<li><a>...<\/a><\/li>\n\n\n\n<li><a href='?page_no=546'>546<\/a><\/li>\n\n\n\n<li><a href='?page_no=547'>547<\/a><\/li>\n\n\n\n<li class='active'><a>548<\/a><\/li>\n\n\n\n<li><a href='?page_no=549'>549<\/a><\/li>\n\n\n\n<li><a href='?page_no=550'>550<\/a><\/li>\n\n\n\n<li><a>...<\/a><\/li>\n\n\n\n<li><a href='?page_no=13611'>13611<\/a><\/li>\n\n\n\n<li><a href='?page_no=13612'>13612<\/a><\/li>\n\n    \n\t\n\n<li >\n\t<a href='?page_no=549'>Next<\/a>\n\t<\/li>\n\n\n    \n\n<li><a href='?page_no=13612'>Last &rsaquo;&rsaquo;<\/a><\/li>\n\n<\/ul>\n\n\n--><br \/>\n<\/body><\/p>\n","protected":false},"excerpt":{"rendered":"<p>Por Manuel Hern\u00e1ndez Villeta La sociedad dominicana tiene que despertar y dar un manotazo en la mesa. Es la hora de reivindicar la ira, el coraje, la indignaci\u00f3n. Estamos caminando el sendereo de una comunidad castrada por la tolerancia y la falta de respuestas. Cuando un pueblo llena su coraz\u00f3n de indiferencia, est\u00e1 al borde [&hellip;]<\/p>\n","protected":false},"author":3,"featured_media":0,"comment_status":"open","ping_status":"open","sticky":false,"template":"","format":"standard","meta":{"footnotes":""},"categories":[16],"tags":[],"class_list":["post-42470","post","type-post","status-publish","format-standard","hentry","category-opiniones"],"_links":{"self":[{"href":"https:\/\/diariodominicano.com\/index.php?rest_route=\/wp\/v2\/posts\/42470","targetHints":{"allow":["GET"]}}],"collection":[{"href":"https:\/\/diariodominicano.com\/index.php?rest_route=\/wp\/v2\/posts"}],"about":[{"href":"https:\/\/diariodominicano.com\/index.php?rest_route=\/wp\/v2\/types\/post"}],"author":[{"embeddable":true,"href":"https:\/\/diariodominicano.com\/index.php?rest_route=\/wp\/v2\/users\/3"}],"replies":[{"embeddable":true,"href":"https:\/\/diariodominicano.com\/index.php?rest_route=%2Fwp%2Fv2%2Fcomments&post=42470"}],"version-history":[{"count":0,"href":"https:\/\/diariodominicano.com\/index.php?rest_route=\/wp\/v2\/posts\/42470\/revisions"}],"wp:attachment":[{"href":"https:\/\/diariodominicano.com\/index.php?rest_route=%2Fwp%2Fv2%2Fmedia&parent=42470"}],"wp:term":[{"taxonomy":"category","embeddable":true,"href":"https:\/\/diariodominicano.com\/index.php?rest_route=%2Fwp%2Fv2%2Fcategories&post=42470"},{"taxonomy":"post_tag","embeddable":true,"href":"https:\/\/diariodominicano.com\/index.php?rest_route=%2Fwp%2Fv2%2Ftags&post=42470"}],"curies":[{"name":"wp","href":"https:\/\/api.w.org\/{rel}","templated":true}]}}