{"id":424405,"date":"2023-03-16T12:52:24","date_gmt":"2023-03-16T16:52:24","guid":{"rendered":"http:\/\/diariodominicano.com\/?p=424405"},"modified":"2023-03-16T13:01:55","modified_gmt":"2023-03-16T17:01:55","slug":"policia-nacional-apresa-hombre-por-robo-en-colmado-de-santiago","status":"publish","type":"post","link":"https:\/\/diariodominicano.com\/?p=424405","title":{"rendered":"Polic\u00eda Nacional apresa hombre por robo en colmado de Santiago"},"content":{"rendered":"\n<p>diariodominicano.com<\/p>\n\n\n\n<p><strong>Santiago, R.D., 16 de Marzo 2023.-<\/strong>&nbsp;D\u00e1ndole seguimiento a denuncia interpuesta por ciudadano, v\u00edctima de robo en un establecimiento comercial,&nbsp;&nbsp;&nbsp;agentes de la Polic\u00eda Preventiva, adscritos al departamento de La Otra Banda, apresaron un hombre&nbsp;&nbsp;autor de haber sustra\u00eddo&nbsp;&nbsp;&nbsp;la suma de 600 mil pesos en efectivo, as\u00ed como tambi\u00e9n&nbsp;&nbsp;cuatro cajas de whisky y varios litros de ron de&nbsp;&nbsp;diferentes marcas, en un hecho ocurrido el pasado&nbsp;&nbsp;13 de este mes&nbsp;&nbsp;del presente a\u00f1o, en un colmado ubicado&nbsp;&nbsp;en el referido sector, de esta ciudad.<\/p>\n\n\n\n<p>El detenido es Alexander Feliciano Pichardo Flores, de 30 a\u00f1os de edad, quien fue arrestado en la calle Principal, del sector El Malec\u00f3n, en el municipio de Sabana Iglesia, a bordo de un veh\u00edculo marca Honda Accord, del a\u00f1o 2009, placa A677806, chasis 1HGCP26319a114782, color blanco, el mismo fue comprado con el dinero robado.<\/p>\n\n\n\n<p>Al momento de la detenci\u00f3n en dicho&nbsp;&nbsp;veh\u00edculo, fue ocupada&nbsp;&nbsp;una mochila,&nbsp;&nbsp;conteniendo en su interior la cantidad de&nbsp;&nbsp;7,340&nbsp;&nbsp;pesos en efectivo y 3,942 d\u00f3lares, un juego de llaves, un&nbsp;&nbsp;&nbsp;celular, un cigarrillo electr\u00f3nico, un vape y una encendedora.<\/p>\n\n\n\n<p>La polic\u00eda se\u00f1alo que el prevenido al ser entrevistado verbalmente, admiti\u00f3 haber cometido el hecho y dijo que&nbsp;&nbsp;parte del dinero lo gasto en la compra del veh\u00edculo ocupado.<\/p>\n\n\n\n<p>El detenido y lo ocupado se encuentran en poder del Ministerio P\u00fablico para los fines procedentes de ley.<\/p>\n\n\n\n<p>Fuente:  <strong>SUBDIRECCION DE COMUNICACIONES ESTRATEGICAS DE LA POLICIA NACIONAL, DIRECCI\u00d3N REGIONAL CIBAO CENTRAL<\/strong>.<\/p>\n\n\n\n<p><strong>policia nacional<\/strong><\/p>\n","protected":false},"excerpt":{"rendered":"<p>diariodominicano.com Santiago, R.D., 16 de Marzo 2023.-&nbsp;D\u00e1ndole seguimiento a denuncia interpuesta por ciudadano, v\u00edctima de robo en un establecimiento comercial,&nbsp;&nbsp;&nbsp;agentes de la Polic\u00eda Preventiva, adscritos al departamento de La Otra Banda, apresaron un hombre&nbsp;&nbsp;autor de haber sustra\u00eddo&nbsp;&nbsp;&nbsp;la suma de 600 mil pesos en efectivo, as\u00ed como tambi\u00e9n&nbsp;&nbsp;cuatro cajas de whisky y varios litros de ron [&hellip;]<\/p>\n","protected":false},"author":5,"featured_media":409915,"comment_status":"closed","ping_status":"","sticky":true,"template":"","format":"standard","meta":{"footnotes":""},"categories":[29,27],"tags":[],"class_list":["post-424405","post","type-post","status-publish","format-standard","has-post-thumbnail","hentry","category-policiasucesos","category-portada"],"_links":{"self":[{"href":"https:\/\/diariodominicano.com\/index.php?rest_route=\/wp\/v2\/posts\/424405","targetHints":{"allow":["GET"]}}],"collection":[{"href":"https:\/\/diariodominicano.com\/index.php?rest_route=\/wp\/v2\/posts"}],"about":[{"href":"https:\/\/diariodominicano.com\/index.php?rest_route=\/wp\/v2\/types\/post"}],"author":[{"embeddable":true,"href":"https:\/\/diariodominicano.com\/index.php?rest_route=\/wp\/v2\/users\/5"}],"replies":[{"embeddable":true,"href":"https:\/\/diariodominicano.com\/index.php?rest_route=%2Fwp%2Fv2%2Fcomments&post=424405"}],"version-history":[{"count":2,"href":"https:\/\/diariodominicano.com\/index.php?rest_route=\/wp\/v2\/posts\/424405\/revisions"}],"predecessor-version":[{"id":424408,"href":"https:\/\/diariodominicano.com\/index.php?rest_route=\/wp\/v2\/posts\/424405\/revisions\/424408"}],"wp:featuredmedia":[{"embeddable":true,"href":"https:\/\/diariodominicano.com\/index.php?rest_route=\/wp\/v2\/media\/409915"}],"wp:attachment":[{"href":"https:\/\/diariodominicano.com\/index.php?rest_route=%2Fwp%2Fv2%2Fmedia&parent=424405"}],"wp:term":[{"taxonomy":"category","embeddable":true,"href":"https:\/\/diariodominicano.com\/index.php?rest_route=%2Fwp%2Fv2%2Fcategories&post=424405"},{"taxonomy":"post_tag","embeddable":true,"href":"https:\/\/diariodominicano.com\/index.php?rest_route=%2Fwp%2Fv2%2Ftags&post=424405"}],"curies":[{"name":"wp","href":"https:\/\/api.w.org\/{rel}","templated":true}]}}