{"id":42437,"date":"2019-09-05T00:34:15","date_gmt":"2019-09-05T00:34:15","guid":{"rendered":"http:\/\/diariodominicano.ddns.net\/?p=42437"},"modified":"2019-09-05T00:34:15","modified_gmt":"2019-09-05T00:34:15","slug":"ciudadanos-empoderados","status":"publish","type":"post","link":"https:\/\/diariodominicano.com\/?p=42437","title":{"rendered":"CIUDADANOS EMPODERADOS"},"content":{"rendered":"<p><body><\/p>\n<p><strong>Diariodominicano.com<\/strong><\/p>\n<p><strong>Mario Rivadulla<\/strong><\/p>\n<\/p>\n<p>Al margen de las incidencias pol\u00edticas que por lo general absorben tanto la mayor parte del inter\u00e9s de los medios de prensa como de las redes sociales, no podemos dejar de lado situaciones que nos afectan y que requieren un mayor nivel de atenci\u00f3n de las autoridades pero tambi\u00e9n de compromiso por parte de la ciudadan\u00eda, que en definitiva es la directamente afectada.<\/p>\n<\/p>\n<p>Lo primero es la epidemia de dengue. Una enfermedad end\u00e9mica de la que somos reiterado reos.   Cierto que a Salud P\u00fablica le compete llevar la voz cantante en las labores de prevenci\u00f3n tanto como de atenci\u00f3n a los miles de casos que inundan los hospitales, con hasta ahora la cifra oficial de doce muertos por causa de la enfermedad.  Pero toca a la gente hacer su parte.  <\/p>\n<\/p>\n<p>Limpiar con cloro los bordes de los recipientes donde se almacena agua, que es donde el vector se reproduce y taparlos de forma herm\u00e9tica es tarea que nos corresponde a cada uno de las potenciales v\u00edctimas del dengue para evitar llegar a serlo, y que podemos hacer por nuestra propia iniciativa sin necesidad de esperar cruzados de brazos a que aparezcan el personal y los voluntarios reclutados por las autoridades sanitarias para llevar a cabo una jornada masiva de eliminaci\u00f3n de los focos de reproducci\u00f3n del mosquito transmisor.<\/p>\n<\/p>\n<p>Lo mismo ocurre con la basura.  \u00a1Con cuanta frecuencia y aire molesto decimos que la ciudad, la capital o cualquier otra, est\u00e1 anegada en basura\u00a1  Pero sagazmente obviamos o nos olvidamos de reconocer que esa basura no cae del cielo como el man\u00e1 b\u00edblico sino que la producimos nosotros mismos.  \u00a1Con cuanta frecuencia y descuido tambi\u00e9n arrojamos a las v\u00edas p\u00fablicas todo tipo de desperdicios, desde papeles inservibles y envases de pl\u00e1stico, hasta botellas y c\u00e1scaras de guineo\u00a1  Es la misma basura que cuando llueve es llevada por el exceso de agua hasta tapar los desag\u00fces. <\/p>\n<\/p>\n<p>Que necesitamos y merecemos una ciudad limpieza, cierto.  Que es preciso que el servicio de recogida de basura se preste de manera eficiente, tambi\u00e9n lo es.  Pero no lo es menos que si hacemos un uso adecuado de los desperdicios en vez de lanzarlos en calles y aceras, nuestras ciudades lucir\u00edan m\u00e1s limpias, o al menos mucho menos sucias. <\/p>\n<\/p>\n<p>Vayamos al agua.  De nuevo el d\u00e9ficit de agua para abastecer los tres millones y  medio de habitantes del Gran Santo Domingo alcanza a entre 70 y 77 millones de galones del preciado l\u00edquido.  El faltante nos da una media de alrededor de veinte galones por habitantes.  Pero la carest\u00eda no corre pareja.  Hay sectores donde no falta el agua, o lo siente en mucho menor medida que otros barrios donde la gente se ve obligada a cargar baldes y llenar recipientes para cubrir en lo posible las necesidades b\u00e1sicas de higiene y cocido de alimentos hasta por varios d\u00edas. <\/p>\n<\/p>\n<p>Es una raz\u00f3n de m\u00e1s para que, sobre todo en los sectores donde no escasea o lo hace en m\u00ednima medida, seamos m\u00e1s ahorrativos y solidarios evitando el desperdicio por descuido o desaprensi\u00f3n.  Tenemos que adquirir sentido de la importancia del agua, un recurso vital de vida cuya existencia se ha ido reduciendo en el planeta por nuestra propia irresponsabilidad al  destruir las fuentes acu\u00edferas al tiempo que en la medida que crece la poblaci\u00f3n, ya somos unos siete mil millones de seres humanos que poblamos la tierra, aumentan las necesidades de consumo.<\/p>\n<\/p>\n<p>Son responsabilidades que  podemos, debemos y nos corresponde asumir  y que nos ata\u00f1en directamente en la medida que seremos los beneficiados o los perjudicados seg\u00fan el caso,  a la par de reclamar que las autoridades cumplan con sus responsabilidades, y a\u00fan en el caso y con mayor raz\u00f3n de que no lo hagan.<\/p>\n<\/p>\n<p>No podemos dejarlo todo en manos de los gobiernos, ni limitarnos a denunciarlos y a quejarnos cuando no lo hagan.  Y sentarnos quejosos a esperar cuatro a\u00f1os con los brazos cruzados para castigar su desidia o indiferencia con el voto es demasiado tiempo.<\/p>\n<\/p>\n<p>Mientras llega el momento de hacerlo tenemos que convertirnos en ciudadanos empoderados por nuestro propio bien.  <\/p>\n<\/p>\n<\/p>\n<h6> 2019-09-05 00:34:15 <\/h6>\n<p><!--\n<link rel=\"stylesheet\" href=\"css\/bootstrap.min.css\">\n\n\n<ul class=\"pagination\">\n\t    \n\t\n\n<li >\n\t<a href='?page_no=544'>Previous<\/a>\n\t<\/li>\n\n\n       \n    \n\n<li><a href='?page_no=1'>1<\/a><\/li>\n\n\n\n<li><a href='?page_no=2'>2<\/a><\/li>\n\n\n\n<li><a>...<\/a><\/li>\n\n\n\n<li><a href='?page_no=543'>543<\/a><\/li>\n\n\n\n<li><a href='?page_no=544'>544<\/a><\/li>\n\n\n\n<li class='active'><a>545<\/a><\/li>\n\n\n\n<li><a href='?page_no=546'>546<\/a><\/li>\n\n\n\n<li><a href='?page_no=547'>547<\/a><\/li>\n\n\n\n<li><a>...<\/a><\/li>\n\n\n\n<li><a href='?page_no=13611'>13611<\/a><\/li>\n\n\n\n<li><a href='?page_no=13612'>13612<\/a><\/li>\n\n    \n\t\n\n<li >\n\t<a href='?page_no=546'>Next<\/a>\n\t<\/li>\n\n\n    \n\n<li><a href='?page_no=13612'>Last &rsaquo;&rsaquo;<\/a><\/li>\n\n<\/ul>\n\n\n--><br \/>\n<\/body><\/p>\n","protected":false},"excerpt":{"rendered":"<p>Diariodominicano.com Mario Rivadulla Al margen de las incidencias pol\u00edticas que por lo general absorben tanto la mayor parte del inter\u00e9s de los medios de prensa como de las redes sociales, no podemos dejar de lado situaciones que nos afectan y que requieren un mayor nivel de atenci\u00f3n de las autoridades pero tambi\u00e9n de compromiso por [&hellip;]<\/p>\n","protected":false},"author":3,"featured_media":0,"comment_status":"open","ping_status":"open","sticky":false,"template":"","format":"standard","meta":{"footnotes":""},"categories":[16],"tags":[],"class_list":["post-42437","post","type-post","status-publish","format-standard","hentry","category-opiniones"],"_links":{"self":[{"href":"https:\/\/diariodominicano.com\/index.php?rest_route=\/wp\/v2\/posts\/42437","targetHints":{"allow":["GET"]}}],"collection":[{"href":"https:\/\/diariodominicano.com\/index.php?rest_route=\/wp\/v2\/posts"}],"about":[{"href":"https:\/\/diariodominicano.com\/index.php?rest_route=\/wp\/v2\/types\/post"}],"author":[{"embeddable":true,"href":"https:\/\/diariodominicano.com\/index.php?rest_route=\/wp\/v2\/users\/3"}],"replies":[{"embeddable":true,"href":"https:\/\/diariodominicano.com\/index.php?rest_route=%2Fwp%2Fv2%2Fcomments&post=42437"}],"version-history":[{"count":0,"href":"https:\/\/diariodominicano.com\/index.php?rest_route=\/wp\/v2\/posts\/42437\/revisions"}],"wp:attachment":[{"href":"https:\/\/diariodominicano.com\/index.php?rest_route=%2Fwp%2Fv2%2Fmedia&parent=42437"}],"wp:term":[{"taxonomy":"category","embeddable":true,"href":"https:\/\/diariodominicano.com\/index.php?rest_route=%2Fwp%2Fv2%2Fcategories&post=42437"},{"taxonomy":"post_tag","embeddable":true,"href":"https:\/\/diariodominicano.com\/index.php?rest_route=%2Fwp%2Fv2%2Ftags&post=42437"}],"curies":[{"name":"wp","href":"https:\/\/api.w.org\/{rel}","templated":true}]}}