{"id":424335,"date":"2023-03-15T23:24:02","date_gmt":"2023-03-16T03:24:02","guid":{"rendered":"http:\/\/diariodominicano.com\/?p=424335"},"modified":"2023-03-15T23:24:02","modified_gmt":"2023-03-16T03:24:02","slug":"denuncian-incremento-de-actos-delictivos-en-sde-denuncian-ante-indiferencia-policia-ladrones-andan-como-chivos-sin-ley","status":"publish","type":"post","link":"https:\/\/diariodominicano.com\/?p=424335","title":{"rendered":"Denuncian incremento de actos delictivos en SDE; denuncian ante indiferencia Polic\u00eda ladrones andan como chivos sin ley\u00a0"},"content":{"rendered":"\n<p>Archivo<\/p>\n\n\n\n<p><\/p>\n\n\n\n<p>Por Wilson Guerrero B.&nbsp;<\/p>\n\n\n\n<p><strong>Santo Domingo Este.<\/strong>&nbsp;\u2013Habitantes de este municipio, hacen un llamado a la atenci\u00f3n del presidente Luis Abinader y del actual director general de la Polic\u00eda Nacional, mayor general Eduardo Alberto Then, para que le jalen las gre\u00f1as al general Eddy P\u00e9rez Peralta, quien est\u00e1 al frente de la Direcci\u00f3n Regional Santo Domingo Oriental y, que al parecer est\u00e1 muy c\u00f3modo, sentado en su \u00e1rea de confort, para que salga hacer su trabajo y a justificar un salario que sale del cuero del pueblo.&nbsp;<\/p>\n\n\n\n<p>Y no es para menos, que la poblaci\u00f3n se exprese as\u00ed, ya que se han incrementado los atracos, asaltos a mano armadas, los arrebatos y el desmantelamiento de veh\u00edculos, as\u00ed como la penetraci\u00f3n a viviendas, de donde sustraen todo, en horas de la madrugada e incluso cuando las personas est\u00e1n en horas laborables.&nbsp;<\/p>\n\n\n\n<p>Sugieren los habitantes, muchos de los cuales han sufrido en carne propia alg\u00fan tipo de delitos de manos de criminales, que la polic\u00eda debe dar respuesta a la poblaci\u00f3n, pero no es as\u00ed, ya que cuando van a los destacamentos policiales a denunciar o querellarse, porque han sido v\u00edctimas de un robo, atraco o asalto, o porque han penetrado a su residencia o a su veh\u00edculo, no son atendidos por los agentes o se burlan de ellos, haci\u00e9ndolos sentir impotentes.&nbsp;<\/p>\n\n\n\n<p>En el residencial Juan Pablo Duarte, ubicado en la avenida Charles de Gaulle, con entrada de Invivienda, no cesan los robos, atracos y desmantelamientos de veh\u00edculos para llevarles los retrovisores, radios, bater\u00edas y cualquier otra pertenencia que encuentren, lo que \u201csupuestamente\u201d, pasa desapercibido de la polic\u00eda,&nbsp;&nbsp;&nbsp;<\/p>\n\n\n\n<p>Esto est\u00e1 creando tal preocupaci\u00f3n en la poblaci\u00f3n que algunos exjefes de la Polic\u00eda y un grupo de altos oficiales retirados, con rangos de mayor general, est\u00e9n denunciando el alto \u00edndice de criminalidad existente en el pa\u00eds y de manera alarmante en Santo Domingo Este.&nbsp;<\/p>\n\n\n\n<p>Entre los que manifestaron estar alarmados por al auge de la delincuencia en el municipio m\u00e1s grande de la provincia Santo Domingo y que al parecer pasa desapercibido, ya que tenemos un director policial inoperante, se encuentran el mayor general retirado, Ram\u00f3n A. Aquino Garc\u00eda, quien estuvo acompa\u00f1ado de un grupo de exoficiales de diferentes rangos, incluyendo exjefes militares y policiales, entre los que se\u00f1alamos el mayor general Jos\u00e9 Armando Polanco G\u00f3mez, exjefe de la Polic\u00eda Nacional y a Carlos A. Rivera Portes,&nbsp;&nbsp;&nbsp;<\/p>\n\n\n\n<p>Adem\u00e1s, de los generales, Campusano L\u00f3pez, Medina Gratereaux, Marmolejos Acosta, Soler Pereira, D\u00edaz Ram\u00edrez, Soto De la Rosa, P\u00e9rez Compres, Su\u00e1rez N\u00fa\u00f1ez, Terrero Figueroa, De La Rosa Pastrano, Reinoso Robles, Almonte Morales, Cordero Mej\u00eda, Juan Gratereaux, Campusano Jim\u00e9nez, Toribio Cambero y Marcos A. Castro Tav\u00e1rez, quienes coincidieron en&nbsp;su preocupaci\u00f3n por la situaci\u00f3n de la alta tasa delictiva de la Rep\u00fablica Dominicana.&nbsp;<\/p>\n\n\n\n<p>Esto es, y as\u00ed lo ha demostrado el ministro de Interior y Polic\u00eda, Ch\u00fa V\u00e1squez, falta de voluntad pol\u00edtica y falta visionaria de estrategia de pol\u00edticas p\u00fablicas para manejar la criminalidad, as\u00ed, como falta de planificaci\u00f3n estrat\u00e9gica en materia de pol\u00edtica p\u00fablica de seguridad y defensa.&nbsp;&nbsp;<\/p>\n\n\n\n<p>Los residentes de los sectores afectados manifiestan que la Polic\u00eda Nacional debe tener m\u00e1s presencia y vigilancia en todos los sectores, a fin de que se produzcan menos hechos delictivos.&nbsp;<\/p>\n\n\n\n<p>Adem\u00e1s expresan, que munchas veces los delincuentes est\u00e1n compuestos con los mismos polic\u00edas y eso es penoso, por tanto, se debe depurar a muchos de esos agentes y someterlo a la acci\u00f3n de la justicia, porque muchos no tienen ni educaci\u00f3n y no saben en lo que est\u00e1n, de igual manera, agregaron, que otro de los males que est\u00e1 afectando la sociedad es la violencia que se est\u00e1 generando, donde muchas personas se matan hasta por un parqueo, adem\u00e1s, de hombres acabando con la vida de sus parejas.&nbsp;<\/p>\n\n\n\n<p>Esto seguir\u00e1 ocurriendo, mientras tengamos polic\u00edas que hagan peajes en los puntos de drogas, en las bancas de apuestas, de rifas, anden en compa\u00f1\u00edas de tachados delincuentes y que pasen a buscar \u201clo suyo\u201d por los colmados y dem\u00e1s negocios de los barrios, as\u00ed como extorsionando y deteniendo personas para despu\u00e9s despacharlo en base a lo que puedan darles o desaparecer\u00e1 con la conclusi\u00f3n de la&nbsp;<strong>Reforma Policial,<\/strong>&nbsp;puesta en marcha por el gobierno que encabeza el presidente de la Rep\u00fablica Lu\u00eds Abinader Corona.&nbsp;&nbsp;&nbsp;&nbsp;&nbsp;&nbsp;&nbsp;&nbsp;&nbsp;<\/p>\n\n\n\n<p>Que Dios nos ampare&#8230;&nbsp;&nbsp;&nbsp;<\/p>\n","protected":false},"excerpt":{"rendered":"<p>Archivo Por Wilson Guerrero B.&nbsp; Santo Domingo Este.&nbsp;\u2013Habitantes de este municipio, hacen un llamado a la atenci\u00f3n del presidente Luis Abinader y del actual director general de la Polic\u00eda Nacional, mayor general Eduardo Alberto Then, para que le jalen las gre\u00f1as al general Eddy P\u00e9rez Peralta, quien est\u00e1 al frente de la Direcci\u00f3n Regional Santo [&hellip;]<\/p>\n","protected":false},"author":28,"featured_media":395010,"comment_status":"closed","ping_status":"","sticky":false,"template":"","format":"standard","meta":{"footnotes":""},"categories":[29],"tags":[],"class_list":["post-424335","post","type-post","status-publish","format-standard","has-post-thumbnail","hentry","category-policiasucesos"],"_links":{"self":[{"href":"https:\/\/diariodominicano.com\/index.php?rest_route=\/wp\/v2\/posts\/424335","targetHints":{"allow":["GET"]}}],"collection":[{"href":"https:\/\/diariodominicano.com\/index.php?rest_route=\/wp\/v2\/posts"}],"about":[{"href":"https:\/\/diariodominicano.com\/index.php?rest_route=\/wp\/v2\/types\/post"}],"author":[{"embeddable":true,"href":"https:\/\/diariodominicano.com\/index.php?rest_route=\/wp\/v2\/users\/28"}],"replies":[{"embeddable":true,"href":"https:\/\/diariodominicano.com\/index.php?rest_route=%2Fwp%2Fv2%2Fcomments&post=424335"}],"version-history":[{"count":1,"href":"https:\/\/diariodominicano.com\/index.php?rest_route=\/wp\/v2\/posts\/424335\/revisions"}],"predecessor-version":[{"id":424336,"href":"https:\/\/diariodominicano.com\/index.php?rest_route=\/wp\/v2\/posts\/424335\/revisions\/424336"}],"wp:featuredmedia":[{"embeddable":true,"href":"https:\/\/diariodominicano.com\/index.php?rest_route=\/wp\/v2\/media\/395010"}],"wp:attachment":[{"href":"https:\/\/diariodominicano.com\/index.php?rest_route=%2Fwp%2Fv2%2Fmedia&parent=424335"}],"wp:term":[{"taxonomy":"category","embeddable":true,"href":"https:\/\/diariodominicano.com\/index.php?rest_route=%2Fwp%2Fv2%2Fcategories&post=424335"},{"taxonomy":"post_tag","embeddable":true,"href":"https:\/\/diariodominicano.com\/index.php?rest_route=%2Fwp%2Fv2%2Ftags&post=424335"}],"curies":[{"name":"wp","href":"https:\/\/api.w.org\/{rel}","templated":true}]}}