{"id":424306,"date":"2023-03-15T22:14:38","date_gmt":"2023-03-16T02:14:38","guid":{"rendered":"http:\/\/diariodominicano.com\/?p=424306"},"modified":"2023-03-15T22:14:38","modified_gmt":"2023-03-16T02:14:38","slug":"ministerio-de-medio-ambiente-informa-siete-personas-han-sido-detenidas-por-incendios-de-punta-cana","status":"publish","type":"post","link":"https:\/\/diariodominicano.com\/?p=424306","title":{"rendered":"Ministerio de Medio Ambiente informa siete personas han sido detenidas por incendios de Punta Cana"},"content":{"rendered":"\n<p>diariodominicano.com<\/p>\n\n\n\n<p>Punta Cana, La Altagracia, R. D.,  15 de marzo, 2023.-\u00a0<strong>El Ministerio de Medio Ambiente y Recursos Naturales<\/strong>\u00a0inform\u00f3 que el Servicio Nacional de Protecci\u00f3n Ambiental\u00a0<strong>(SENPA)<\/strong>\u00a0y la\u00a0<strong>Procuradur\u00eda General de Medio Ambiente<\/strong>\u00a0detuvieron a\u00a0<strong>siete personas<\/strong>\u00a0que se encontraban provocando incendios en Punta Cana.\u00a0<\/p>\n\n\n\n<p>Los acusados de provocar estos siniestros est\u00e1n bajo el control de la Polic\u00eda Nacional y el Ministerio P\u00fablico, para fines de sometimiento a la justicia.&nbsp;<\/p>\n\n\n\n<p>Ma\u00f1ana se estar\u00e1 conociendo la solicitud de&nbsp;<strong>medida de coerci\u00f3n contra los detenidos<\/strong>, mientras que en los casos donde hay&nbsp;<strong>inmobiliarias involucradas<\/strong>&nbsp;se est\u00e1 instrumentando los documentos para procesarlos con&nbsp;<strong>sanciones administrativas y sometimientos a la justicia.<\/strong><\/p>\n\n\n\n<p>Una comisi\u00f3n de t\u00e9cnicos conformada por la&nbsp;<strong>Direcci\u00f3n de Fiscalizaci\u00f3n y Gesti\u00f3n de Riesgos<\/strong>&nbsp;realiz\u00f3 una&nbsp;<strong>exhaustiva inspecci\u00f3n<\/strong>&nbsp;en la zona tur\u00edstica en Ver\u00f3n, Punta Cana, foco de los diversos incendios, donde recorrieron las \u00e1reas afectadas y se confirmaron las causas que provocaron los&nbsp;<strong>81 incendios<\/strong>.&nbsp;<\/p>\n\n\n\n<p>La investigaci\u00f3n arroj\u00f3 que los fuegos fueron producidos por&nbsp;<strong>limpieza de solares<\/strong>, m\u00e9todos inadecuados de&nbsp;<strong>control de plagas<\/strong>&nbsp;y m\u00ednimos&nbsp;<strong>vertederos improvisados<\/strong>, siendo m\u00e1s frecuentes en las zonas de B\u00e1varo, Friusa, Boulevard, el Coral, Ver\u00f3n, Cocotal y avenida Circunvalaci\u00f3n.<\/p>\n\n\n\n<p>Tambi\u00e9n se determin\u00f3 que algunos de estos siniestros han sido&nbsp;<strong>producidos por desarrolladores inmobiliarios,&nbsp;<\/strong>quienes con el objetivo de limpiar sus terrenos<strong>&nbsp;<\/strong>incendian los mismos sin la implementaci\u00f3n de alg\u00fan tipo de medida para prevenir que este se extienda o afecte a la poblaci\u00f3n.&nbsp;<\/p>\n\n\n\n<p>Trabajan arduamente para sofocar los incendios 3 t\u00e9cnicos de manejo del fuego, 16 bomberos forestales, 7 guardaparques, 27 soldados de la UHR y 4 unidades de bomberos estructurales, con el apoyo del grupo Cap Cana y Punta Cana.&nbsp;<\/p>\n\n\n\n<p>Se ha logrado eliminar varios focos de fuego y los que quedan se pretende que sean eliminados ma\u00f1ana.<\/p>\n\n\n\n<p>En las proximidades a los focos de incendios se observan letreros de\u00a0<strong>proyectos inmobiliarios y venta de terrenos, los cuales est\u00e1n bajo investigaci\u00f3n<\/strong>\u00a0para confirmar el estado de permisolog\u00eda y descartar v\u00ednculos.<\/p>\n\n\n\n<p>Fuente: Direcci\u00f3n de Estrategia y Comunicaci\u00f3n<\/p>\n\n\n\n<p>Ministerio Administrativo de la Presidencia de la Rep\u00fablica Dominicana<\/p>\n","protected":false},"excerpt":{"rendered":"<p>diariodominicano.com Punta Cana, La Altagracia, R. D., 15 de marzo, 2023.-\u00a0El Ministerio de Medio Ambiente y Recursos Naturales\u00a0inform\u00f3 que el Servicio Nacional de Protecci\u00f3n Ambiental\u00a0(SENPA)\u00a0y la\u00a0Procuradur\u00eda General de Medio Ambiente\u00a0detuvieron a\u00a0siete personas\u00a0que se encontraban provocando incendios en Punta Cana.\u00a0 Los acusados de provocar estos siniestros est\u00e1n bajo el control de la Polic\u00eda Nacional y el [&hellip;]<\/p>\n","protected":false},"author":5,"featured_media":424307,"comment_status":"closed","ping_status":"","sticky":true,"template":"","format":"standard","meta":{"footnotes":""},"categories":[20,29,27],"tags":[],"class_list":["post-424306","post","type-post","status-publish","format-standard","has-post-thumbnail","hentry","category-dominicana-hoy","category-policiasucesos","category-portada"],"_links":{"self":[{"href":"https:\/\/diariodominicano.com\/index.php?rest_route=\/wp\/v2\/posts\/424306","targetHints":{"allow":["GET"]}}],"collection":[{"href":"https:\/\/diariodominicano.com\/index.php?rest_route=\/wp\/v2\/posts"}],"about":[{"href":"https:\/\/diariodominicano.com\/index.php?rest_route=\/wp\/v2\/types\/post"}],"author":[{"embeddable":true,"href":"https:\/\/diariodominicano.com\/index.php?rest_route=\/wp\/v2\/users\/5"}],"replies":[{"embeddable":true,"href":"https:\/\/diariodominicano.com\/index.php?rest_route=%2Fwp%2Fv2%2Fcomments&post=424306"}],"version-history":[{"count":1,"href":"https:\/\/diariodominicano.com\/index.php?rest_route=\/wp\/v2\/posts\/424306\/revisions"}],"predecessor-version":[{"id":424308,"href":"https:\/\/diariodominicano.com\/index.php?rest_route=\/wp\/v2\/posts\/424306\/revisions\/424308"}],"wp:featuredmedia":[{"embeddable":true,"href":"https:\/\/diariodominicano.com\/index.php?rest_route=\/wp\/v2\/media\/424307"}],"wp:attachment":[{"href":"https:\/\/diariodominicano.com\/index.php?rest_route=%2Fwp%2Fv2%2Fmedia&parent=424306"}],"wp:term":[{"taxonomy":"category","embeddable":true,"href":"https:\/\/diariodominicano.com\/index.php?rest_route=%2Fwp%2Fv2%2Fcategories&post=424306"},{"taxonomy":"post_tag","embeddable":true,"href":"https:\/\/diariodominicano.com\/index.php?rest_route=%2Fwp%2Fv2%2Ftags&post=424306"}],"curies":[{"name":"wp","href":"https:\/\/api.w.org\/{rel}","templated":true}]}}