{"id":42426,"date":"2019-09-05T23:37:01","date_gmt":"2019-09-05T23:37:01","guid":{"rendered":"http:\/\/diariodominicano.ddns.net\/?p=42426"},"modified":"2019-09-05T23:37:01","modified_gmt":"2019-09-05T23:37:01","slug":"a-pleno-sollos-empresarios-en-politica","status":"publish","type":"post","link":"https:\/\/diariodominicano.com\/?p=42426","title":{"rendered":"&#13;A Pleno Sol&#13;&#13;Los empresarios en pol\u00edtica&#13;"},"content":{"rendered":"<p><body><\/p>\n<p><strong>Por Manuel Hern\u00e1ndez Villeta<\/strong><\/p>\n<\/p>\n<\/p>\n<p>Es interesante saber que busca el empresariado meti\u00e9ndose en las actividades partidistas. Puede ser sed de poder, amarrar intereses a futuro, o sencillamente de tener una presencia en la vida nacional, haciendo sentir el  valor que dan los recursos econ\u00f3micos.<\/p>\n<\/p>\n<p>Se supone que el empresariado y sus organizaciones tienen en sus manos un poder medi\u00e1tico,   que lo dan los recursos, por lo tanto no tienen la necesidad de ir directamente al redondel.<\/p>\n<\/p>\n<p>El empresario dominicano de hoy sabe que sin confrontaciones puede lograr todo de los pol\u00edticos. Ya pasaron los a\u00f1os del viejo Consejo Nacional de Hombres de Empresas donde su presidente adversaba cara a cara al doctor Jos\u00e9 Francisco Pe\u00f1a G\u00f3mez.<\/p>\n<\/p>\n<p>Sin pleitos y sin  tener que ponerse los guantes, los empresarios  doblan el brazo a los pol\u00edticos. Sea en el Congreso con leyes a su favor, o logrando acuerdos institucionales con el Estado.  Con todo ese poder, est\u00e1n por encima de los pol\u00edticos.<\/p>\n<\/p>\n<p>Hay un viejo dicho, que hoy esta renovado en el pa\u00eds, de que los empresarios y su dinero siempre estar\u00e1n presentes, pero los pol\u00edticos llegan y se van. No es tan cierto, todo tiene su punto de nacimiento, crecimiento y disgregaci\u00f3n. Los hombres como los gobiernos son pasajeros. Son tan ef\u00edmeros, que al doblar de la p\u00e1gina son historia<\/p>\n<\/p>\n<p>Los viejos imperios terminaron en el polvo, producto de sus desgarradoras guerras de conquistas, sus luchas internas, y las negativas  a integrarse  a los cambios sociales que se presentaron en cada una de sus circunstancias. Meterse de lleno en el partidismo, podr\u00eda ser una muestra de que los empresarios desconocen su poder avasallante, y prefieren doblar el pulso a los pol\u00edticos.<\/p>\n<\/p>\n<p>Ahora quieren manipular para poder conseguir a un  presidente de la Republica  que sea de su agrado. Solo tienen que escoger entre cuatro posibles candidatos: Luis Abinader, e Hip\u00f3lito Mej\u00eda, por el Partido Revolucionario Moderno, y Leonel Fern\u00e1ndez y el delf\u00edn de Danilo Medina, por el Partido de la Liberaci\u00f3n Dominicana.<\/p>\n<\/p>\n<p>Pero hay guerras solapadas en el sector empresarial, por las motivaciones partidarias. Muy a lo interno, pero  son reales   desacuerdos, y lo que es m\u00e1s, hay tendencias. Uno de los proyectos empresariales pol\u00edticos es David Collado, el alcalde Santo Doomingo. Sus mentores lo tienen como su candidato presidencial para el 2014.<\/p>\n<\/p>\n<p>Pero hay desesperados que piensan que antes las fisuras peledeistas y la falta de carisma por el PRM, este puede ser el tiempo de David. Tremendismo de empresarios  y pol\u00edticos que no han le\u00eddo sobre la historia de Icaro y de c\u00f3mo sus alas fueron derretidas por el sol. Los empresarios temen a los cambios sociales, y se mueven para asegurar que nada altere la marcha de los que tras las sombras mueven los hilos del poder. \u00a1Ay!, se me acab\u00f3 la tinta.<\/p>\n<h6> 2019-09-05 23:37:01 <\/h6>\n<p><!--\n<link rel=\"stylesheet\" href=\"css\/bootstrap.min.css\">\n\n\n<ul class=\"pagination\">\n\t    \n\t\n\n<li >\n\t<a href='?page_no=543'>Previous<\/a>\n\t<\/li>\n\n\n       \n    \n\n<li><a href='?page_no=1'>1<\/a><\/li>\n\n\n\n<li><a href='?page_no=2'>2<\/a><\/li>\n\n\n\n<li><a>...<\/a><\/li>\n\n\n\n<li><a href='?page_no=542'>542<\/a><\/li>\n\n\n\n<li><a href='?page_no=543'>543<\/a><\/li>\n\n\n\n<li class='active'><a>544<\/a><\/li>\n\n\n\n<li><a href='?page_no=545'>545<\/a><\/li>\n\n\n\n<li><a href='?page_no=546'>546<\/a><\/li>\n\n\n\n<li><a>...<\/a><\/li>\n\n\n\n<li><a href='?page_no=13611'>13611<\/a><\/li>\n\n\n\n<li><a href='?page_no=13612'>13612<\/a><\/li>\n\n    \n\t\n\n<li >\n\t<a href='?page_no=545'>Next<\/a>\n\t<\/li>\n\n\n    \n\n<li><a href='?page_no=13612'>Last &rsaquo;&rsaquo;<\/a><\/li>\n\n<\/ul>\n\n\n--><br \/>\n<\/body><\/p>\n","protected":false},"excerpt":{"rendered":"<p>Por Manuel Hern\u00e1ndez Villeta Es interesante saber que busca el empresariado meti\u00e9ndose en las actividades partidistas. Puede ser sed de poder, amarrar intereses a futuro, o sencillamente de tener una presencia en la vida nacional, haciendo sentir el valor que dan los recursos econ\u00f3micos. Se supone que el empresariado y sus organizaciones tienen en sus [&hellip;]<\/p>\n","protected":false},"author":3,"featured_media":0,"comment_status":"open","ping_status":"open","sticky":false,"template":"","format":"standard","meta":{"footnotes":""},"categories":[16],"tags":[],"class_list":["post-42426","post","type-post","status-publish","format-standard","hentry","category-opiniones"],"_links":{"self":[{"href":"https:\/\/diariodominicano.com\/index.php?rest_route=\/wp\/v2\/posts\/42426","targetHints":{"allow":["GET"]}}],"collection":[{"href":"https:\/\/diariodominicano.com\/index.php?rest_route=\/wp\/v2\/posts"}],"about":[{"href":"https:\/\/diariodominicano.com\/index.php?rest_route=\/wp\/v2\/types\/post"}],"author":[{"embeddable":true,"href":"https:\/\/diariodominicano.com\/index.php?rest_route=\/wp\/v2\/users\/3"}],"replies":[{"embeddable":true,"href":"https:\/\/diariodominicano.com\/index.php?rest_route=%2Fwp%2Fv2%2Fcomments&post=42426"}],"version-history":[{"count":0,"href":"https:\/\/diariodominicano.com\/index.php?rest_route=\/wp\/v2\/posts\/42426\/revisions"}],"wp:attachment":[{"href":"https:\/\/diariodominicano.com\/index.php?rest_route=%2Fwp%2Fv2%2Fmedia&parent=42426"}],"wp:term":[{"taxonomy":"category","embeddable":true,"href":"https:\/\/diariodominicano.com\/index.php?rest_route=%2Fwp%2Fv2%2Fcategories&post=42426"},{"taxonomy":"post_tag","embeddable":true,"href":"https:\/\/diariodominicano.com\/index.php?rest_route=%2Fwp%2Fv2%2Ftags&post=42426"}],"curies":[{"name":"wp","href":"https:\/\/api.w.org\/{rel}","templated":true}]}}