{"id":424249,"date":"2023-03-15T19:48:29","date_gmt":"2023-03-15T23:48:29","guid":{"rendered":"http:\/\/diariodominicano.com\/?p=424249"},"modified":"2023-03-15T19:48:29","modified_gmt":"2023-03-15T23:48:29","slug":"tribunal-colegiado-de-san-cristobal-condena-a-10-anos-de-prision-a-un-hombre-por-tentativa-de-homicidio","status":"publish","type":"post","link":"https:\/\/diariodominicano.com\/?p=424249","title":{"rendered":"Tribunal Colegiado de San Crist\u00f3bal condena a 10 a\u00f1os de prisi\u00f3n a un hombre por tentativa de homicidio"},"content":{"rendered":"\n<p>SAN CRIST\u00d3BAL,  Rep\u00fablica Dominicana.- El Tribunal Colegiado del Distrito Judicial de San Crist\u00f3bal  conden\u00f3 a 10 a\u00f1os de prisi\u00f3n a un hombre que intent\u00f3 asesinar a otro de un disparo en la cabeza, en un hecho ocurrido en la comunidad de Haina, San Crist\u00f3bal.<\/p>\n\n\n\n<p>El tribunal, formado por las juezas Rosa Mateo, Chadalis Edeliza Rosario y Ana In\u00e9s Susana Quezada, dict\u00f3 la sentencia en contra de Carlos Manuel Vargas, quien cometi\u00f3 la acci\u00f3n penal en contra Sandi Sarante Paulino.<\/p>\n\n\n\n<p>El Ministerio P\u00fablico, representado por los fiscales Fannys Garabitos y Edward Ram\u00edrez, probaron que las acciones cometidas por Vargas constituyen una violaci\u00f3n a los art\u00edculos 265, 266, 2, 295 y 304 del C\u00f3digo Penal Dominicano, que castiga la tentativa de homicidio y a los art\u00edculos 66 y 67 de la Ley 631-16, sobre porte ilegal de armas de fuego.<\/p>\n\n\n\n<p>Los hechos ocurrieron el 26 de diciembre del a\u00f1o 2020, cuando Vargas, junto a dos hombres identificados como Chocholo y Rainel, quienes se encuentran pr\u00f3fugos, se presentaron a la calle Juan Pablo Duarte de Haina, donde interceptaron a la v\u00edctima y sin mediar palabras lo agredieron a golpes.<\/p>\n\n\n\n<p>En medio de la agresi\u00f3n, el hoy procesado tom\u00f3 el arma de fuego que portaba de manera ilegal y realiz\u00f3 un disparo causando una herida con entrada y sin salida a la v\u00edctima en la cabeza, descrito en el informe del Instituto Nacional de Patolog\u00eda Forense.<\/p>\n\n\n\n<p>Por disposici\u00f3n del tribunal, el procesado deber\u00e1 cumplir la pena en el Centro de Correcci\u00f3n y Rehabilitaci\u00f3n Najayo Hombres.<\/p>\n\n\n\n<p>Direcci\u00f3n General de Comunicaci\u00f3n, Prensa, y RRPP<\/p>\n\n\n\n<p>Ministerio P\u00fablico.&nbsp;R.D.<\/p>\n\n\n\n<p>Mi\u00e9rcoles, 15 de marzo de 2023.<\/p>\n","protected":false},"excerpt":{"rendered":"<p>SAN CRIST\u00d3BAL, Rep\u00fablica Dominicana.- El Tribunal Colegiado del Distrito Judicial de San Crist\u00f3bal conden\u00f3 a 10 a\u00f1os de prisi\u00f3n a un hombre que intent\u00f3 asesinar a otro de un disparo en la cabeza, en un hecho ocurrido en la comunidad de Haina, San Crist\u00f3bal. El tribunal, formado por las juezas Rosa Mateo, Chadalis Edeliza Rosario [&hellip;]<\/p>\n","protected":false},"author":28,"featured_media":351958,"comment_status":"closed","ping_status":"","sticky":true,"template":"","format":"standard","meta":{"footnotes":""},"categories":[24,29,27],"tags":[],"class_list":["post-424249","post","type-post","status-publish","format-standard","has-post-thumbnail","hentry","category-justicia-y-derecho","category-policiasucesos","category-portada"],"_links":{"self":[{"href":"https:\/\/diariodominicano.com\/index.php?rest_route=\/wp\/v2\/posts\/424249","targetHints":{"allow":["GET"]}}],"collection":[{"href":"https:\/\/diariodominicano.com\/index.php?rest_route=\/wp\/v2\/posts"}],"about":[{"href":"https:\/\/diariodominicano.com\/index.php?rest_route=\/wp\/v2\/types\/post"}],"author":[{"embeddable":true,"href":"https:\/\/diariodominicano.com\/index.php?rest_route=\/wp\/v2\/users\/28"}],"replies":[{"embeddable":true,"href":"https:\/\/diariodominicano.com\/index.php?rest_route=%2Fwp%2Fv2%2Fcomments&post=424249"}],"version-history":[{"count":1,"href":"https:\/\/diariodominicano.com\/index.php?rest_route=\/wp\/v2\/posts\/424249\/revisions"}],"predecessor-version":[{"id":424250,"href":"https:\/\/diariodominicano.com\/index.php?rest_route=\/wp\/v2\/posts\/424249\/revisions\/424250"}],"wp:featuredmedia":[{"embeddable":true,"href":"https:\/\/diariodominicano.com\/index.php?rest_route=\/wp\/v2\/media\/351958"}],"wp:attachment":[{"href":"https:\/\/diariodominicano.com\/index.php?rest_route=%2Fwp%2Fv2%2Fmedia&parent=424249"}],"wp:term":[{"taxonomy":"category","embeddable":true,"href":"https:\/\/diariodominicano.com\/index.php?rest_route=%2Fwp%2Fv2%2Fcategories&post=424249"},{"taxonomy":"post_tag","embeddable":true,"href":"https:\/\/diariodominicano.com\/index.php?rest_route=%2Fwp%2Fv2%2Ftags&post=424249"}],"curies":[{"name":"wp","href":"https:\/\/api.w.org\/{rel}","templated":true}]}}