{"id":424247,"date":"2023-03-15T19:44:31","date_gmt":"2023-03-15T23:44:31","guid":{"rendered":"http:\/\/diariodominicano.com\/?p=424247"},"modified":"2023-03-15T19:44:31","modified_gmt":"2023-03-15T23:44:31","slug":"el-tribunal-colegiado-de-monte-plata-condeno-a-20-anos-de-prision-a-un-hombre-que-intento-matar-a-expareja","status":"publish","type":"post","link":"https:\/\/diariodominicano.com\/?p=424247","title":{"rendered":"El Tribunal Colegiado de Monte Plata conden\u00f3 a 20 a\u00f1os de prisi\u00f3n a un hombre que intent\u00f3 matar a expareja"},"content":{"rendered":"\n<p>MONTE PLATA (Rep\u00fablica Dominicana).-Una sentencia condenatoria de 20 a\u00f1os de prisi\u00f3n fue dictada en contra de un hombre de nacionalidad haitiana acusado por el Ministerio P\u00fablico de intentar matar a su expareja al asestarle seis machetazos en un hecho ocurrido en esta provincia en el a\u00f1o 2020.<\/p>\n\n\n\n<p>El Tribunal Colegiado de Monte Plata dict\u00f3 la sentencia a Dorlus Jean Renold (Wilson Felipe o Wenson) por la agresi\u00f3n cometida contra su expareja, la tambi\u00e9n ciudadana haitiana Astina Abad (Hacilia Abad), mientras la v\u00edctima se encontraba en una casa de una finca del municipio Sabana Grande de Boy\u00e1, donde laboraba el hoy condenado.<\/p>\n\n\n\n<p>El expediente indica que la mujer se present\u00f3 al lugar a buscar una ni\u00f1a de m\u00e1s de un a\u00f1o de nacida, hija de ambos, que el acusado se hab\u00eda llevado luego de que terminaran la relaci\u00f3n de pareja. Se\u00f1ala que antes de la v\u00edctima retirarse del lugar con la infante el hoy condenado le fue encima y le propin\u00f3 los machetazos, hecho ocurrido el 18 de octubre de 2020, alrededor de las 12:00 del mediod\u00eda.<\/p>\n\n\n\n<p>Detalla que Dorlus Jean Renold hiri\u00f3 a la v\u00edctima en diferentes partes del cuerpo y tras dejarla por muerta huy\u00f3 del lugar. Producto de la agresi\u00f3n la mujer qued\u00f3 con lesiones permanentes, ya que le fueron amputados dedos en ambas manos, adem\u00e1s de que presenta otras lesiones de mecanismo flexor.&nbsp;<\/p>\n\n\n\n<p>En el proceso la Fiscal\u00eda de Monte Plata aport\u00f3 diferentes pruebas testimoniales, documentales, ilustrativas, audiovisuales, periciales y materiales que permitieron establecer que Dorlus Jean Renold intent\u00f3 matar a Astina Abad.<\/p>\n\n\n\n<p>La acusaci\u00f3n presentada por el fiscal de este distrito judicial Jos\u00e9 del Carmen Garc\u00eda Hern\u00e1ndez fue acogida por los jueces Hilda Nieves S\u00e1nchez Luna (presidenta), Isa\u00edas Ronaldo Mart\u00ednez P\u00e9rez y Johanna Giselle Reyes Moquete (miembros), quienes dictaron la sentencia condenatoria y ordenaron su cumplimiento en la Penitenciar\u00eda Nacional de La Victoria.<\/p>\n\n\n\n<p>El tribunal declar\u00f3 a Dorlus Jean Renold culpable de violar los art\u00edculos 2, 295 y 304 del C\u00f3digo Penal Dominicano en perjuicio de la se\u00f1ora Astina Abad.<\/p>\n\n\n\n<p>Direcci\u00f3n General de Comunicaci\u00f3n, Prensa, y RRPP<\/p>\n\n\n\n<p>Ministerio P\u00fablico.&nbsp;R.D.<\/p>\n\n\n\n<p>Mi\u00e9rcoles, 15 de marzo de 2023.<\/p>\n","protected":false},"excerpt":{"rendered":"<p>MONTE PLATA (Rep\u00fablica Dominicana).-Una sentencia condenatoria de 20 a\u00f1os de prisi\u00f3n fue dictada en contra de un hombre de nacionalidad haitiana acusado por el Ministerio P\u00fablico de intentar matar a su expareja al asestarle seis machetazos en un hecho ocurrido en esta provincia en el a\u00f1o 2020. El Tribunal Colegiado de Monte Plata dict\u00f3 la [&hellip;]<\/p>\n","protected":false},"author":28,"featured_media":367901,"comment_status":"closed","ping_status":"","sticky":true,"template":"","format":"standard","meta":{"footnotes":""},"categories":[24,29,27],"tags":[],"class_list":["post-424247","post","type-post","status-publish","format-standard","has-post-thumbnail","hentry","category-justicia-y-derecho","category-policiasucesos","category-portada"],"_links":{"self":[{"href":"https:\/\/diariodominicano.com\/index.php?rest_route=\/wp\/v2\/posts\/424247","targetHints":{"allow":["GET"]}}],"collection":[{"href":"https:\/\/diariodominicano.com\/index.php?rest_route=\/wp\/v2\/posts"}],"about":[{"href":"https:\/\/diariodominicano.com\/index.php?rest_route=\/wp\/v2\/types\/post"}],"author":[{"embeddable":true,"href":"https:\/\/diariodominicano.com\/index.php?rest_route=\/wp\/v2\/users\/28"}],"replies":[{"embeddable":true,"href":"https:\/\/diariodominicano.com\/index.php?rest_route=%2Fwp%2Fv2%2Fcomments&post=424247"}],"version-history":[{"count":1,"href":"https:\/\/diariodominicano.com\/index.php?rest_route=\/wp\/v2\/posts\/424247\/revisions"}],"predecessor-version":[{"id":424248,"href":"https:\/\/diariodominicano.com\/index.php?rest_route=\/wp\/v2\/posts\/424247\/revisions\/424248"}],"wp:featuredmedia":[{"embeddable":true,"href":"https:\/\/diariodominicano.com\/index.php?rest_route=\/wp\/v2\/media\/367901"}],"wp:attachment":[{"href":"https:\/\/diariodominicano.com\/index.php?rest_route=%2Fwp%2Fv2%2Fmedia&parent=424247"}],"wp:term":[{"taxonomy":"category","embeddable":true,"href":"https:\/\/diariodominicano.com\/index.php?rest_route=%2Fwp%2Fv2%2Fcategories&post=424247"},{"taxonomy":"post_tag","embeddable":true,"href":"https:\/\/diariodominicano.com\/index.php?rest_route=%2Fwp%2Fv2%2Ftags&post=424247"}],"curies":[{"name":"wp","href":"https:\/\/api.w.org\/{rel}","templated":true}]}}